{"id":131466,"date":"2021-04-23T10:33:31","date_gmt":"2021-04-23T09:33:31","guid":{"rendered":"http:\/\/www.tucomarca.com\/wordpress\/segunda\/?p=131466"},"modified":"2021-04-23T10:33:37","modified_gmt":"2021-04-23T09:33:37","slug":"ximo-puig-anuncia-la-ampliacion-del-horario-de-apertura-de-la-hosteleria-y-el-comercio-hasta-las-22-horas","status":"publish","type":"post","link":"https:\/\/www.tucomarca.com\/wordpress\/segunda\/ximo-puig-anuncia-la-ampliacion-del-horario-de-apertura-de-la-hosteleria-y-el-comercio-hasta-las-22-horas\/","title":{"rendered":"Ximo Puig anuncia la ampliaci\u00f3n del horario de apertura de la hosteler\u00eda y el comercio hasta las 22 horas"},"content":{"rendered":"\n<h4 class=\"wp-block-heading\"><strong>El president de la Generalitat ha presidido la Mesa Interdepartamental para la Prevenci\u00f3n y Actuaci\u00f3n ante la COVID-19 en la que han sido abordadas las nuevas medidas que entrar\u00e1n en vigor el lunes 26 de abril<\/strong><\/h4>\n\n\n\n<h4 class=\"wp-block-heading\"><strong>Se ampl\u00eda el aforo m\u00e1ximo de las actividades culturales hasta el 75% y de las ceremonias y celebraciones hasta el 50%<\/strong><\/h4>\n\n\n\n<h4 class=\"wp-block-heading\"><strong>Se mantiene el perimetraje auton\u00f3mico y la restricci\u00f3n de la movilidad nocturna entre las 10 de la noche y las 6 de la ma\u00f1ana<\/strong><\/h4>\n\n\n\n<p>El president de la Generalitat, Ximo Puig, ha anunciado la ampliaci\u00f3n del horario de apertura de la hosteler\u00eda y el comercio hasta las 22, y el incremento hasta el 75% del aforo m\u00e1ximo de las actividades culturales, y hasta el 50% en ceremonias y celebraciones, a partir del pr\u00f3ximo lunes, 26 de abril.<\/p>\n\n\n\n<p>As\u00ed lo ha avanzado en rueda de prensa el jefe del Consell, acompa\u00f1ado de la consellera de Sanidad Universal y Salud P\u00fablica, Ana Barcel\u00f3, tras la reuni\u00f3n de la Mesa Interdepartamental para la Prevenci\u00f3n y Actuaci\u00f3n ante la COVID-19, en la que se han sido acordadas las nuevas medidas que estar\u00e1n en vigor hasta el 9 de mayo, fecha en que decae el estado de alarma.<\/p>\n\n\n\n<p>Durante su intervenci\u00f3n, el president ha explicado el horario de la hosteler\u00eda se ampl\u00eda hasta las 22 horas, y se mantienen los aforos m\u00e1ximos permitidos del 100% en terrazas y de un tercio en el interior de los locales, con mesas de hasta 6 personas. En cuanto al horario m\u00e1ximo del comercio, tambi\u00e9n se ampl\u00eda hasta las 22 horas, con los aforos m\u00e1ximos permitidos actualmente.<\/p>\n\n\n\n<p>Adem\u00e1s, respecto al aforo m\u00e1ximo de las actividades culturales, como cines, teatros, museos o auditorios, se ampl\u00eda del 50 al 75%; y el de las ceremonias y celebraciones, pasa del 30 al 50%.<\/p>\n\n\n\n<p>El president ha asegurado que las medidas adoptadas responden a la necesidad de \u00abactuar con prudencia m\u00e1xima y proporcionalidad\u00bb, y aplicar una \u00abapertura gradual y responsable\u00bb, por lo que ha destacado que las restricciones se ir\u00e1n aminorando \u00aba medida que la situaci\u00f3n lo permita\u00bb.&nbsp;<\/p>\n\n\n\n<p><strong>Perimetraje auton\u00f3mico<\/strong><\/p>\n\n\n\n<p>Por otro lado, se prorrogan durante 15 d\u00edas m\u00e1s el resto de medidas vigentes, entre las que se encuentra la restricci\u00f3n de la movilidad nocturna, que se mantiene entre las 10 de la noche y las 6 de la ma\u00f1ana, y el perimetraje auton\u00f3mico.<\/p>\n\n\n\n<p>El jefe del Consell ha avanzado que si se produce la evoluci\u00f3n prevista, al t\u00e9rmino del estado de alarma decaer\u00e1 el perimetraje auton\u00f3mico, y ha anunciado que a principios de mayo se celebrar\u00e1 una nueva reuni\u00f3n en la que se valorar\u00e1 esta decisi\u00f3n.<\/p>\n\n\n\n<p>\u00abEsta ser\u00e1 la \u00faltima quincena antes de que acabe el estado de alarma y comience una nueva fase, un nuevo tiempo de esperanza marcado por la proximidad del verano y el avance de la vacunaci\u00f3n\u00bb, ha manifestado.&nbsp;<\/p>\n\n\n\n<p><strong>Posici\u00f3n \u00fanica en Espa\u00f1a y Europa<\/strong><\/p>\n\n\n\n<p>Ximo Puig se ha referido al \u00abinmenso esfuerzo\u00bb de la sociedad valenciana y a la \u00abdesescalada prudente\u00bb que se est\u00e1 llevando a cabo, gracias a lo cual \u00abnos encontramos en una posici\u00f3n \u00fanica en Espa\u00f1a y a Europa, puesto que somos una de las regiones europeas con menor incidencia\u00bb.<\/p>\n\n\n\n<p>El president ha asegurado que, respecto a hace un mes, la Comunitat Valenciana presenta la mitad de casos activos, la mitad de personas hospitalizadas, la tercera parte de ingresados en UCI, y casi el triple de personas vacunadas.&nbsp;<\/p>\n\n\n\n<p>Asimismo, ha destacado que la incidencia actual es de 40 casos por 100.000 habitantes, lo que supone una cifra 6 veces inferior a la media espa\u00f1ola, y sit\u00faa a la Comunitat como la \u00fanica autonom\u00eda en situaci\u00f3n de riesgo bajo. Adem\u00e1s, ha incidido en que estos indicadores convierten a la Comunitat en un referente europeo, ya que ning\u00fan pa\u00eds presenta unos datos similares.&nbsp;<\/p>\n\n\n\n<p><strong>Un mill\u00f3n de habitantes inmunizados<\/strong><\/p>\n\n\n\n<p>En el transcurso de la rueda de prensa, el president ha incidido en la necesidad de realizar un \u00ab\u00faltimo esfuerzo\u00bb mientras avanza el proceso de vacunaci\u00f3n, que ha calificado de \u00abseguro, \u00e1gil y eficiente\u00bb, por el cual ya est\u00e1n inmunizados m\u00e1s de un mill\u00f3n de habitantes, es decir uno de cada cinco residentes en la Comunitat Valenciana.&nbsp;<\/p>\n\n\n\n<p>En concreto, ha explicado que casi el 70% de los mayores de 80 a\u00f1os est\u00e1n vacunados con la pauta completa y todos han recibido, al menos, una dosis. En cuanto a las personas de 70 a 79 a\u00f1os, m\u00e1s del 50% han recibido una dosis; porcentaje que alcanza el 33% en el grupo de edad de 60 a 69 a\u00f1os.<\/p>\n\n\n\n<p>A este respecto, el president ha agradecido \u00abel esfuerzo organizativo, la eficiencia log\u00edstica y la humanidad en el trato\u00bb que han mostrado los equipos de vacunaci\u00f3n de la sanidad valenciana durante todo el proceso, especialmente en la vacunaci\u00f3n masiva iniciada esta semana.<\/p>\n\n\n\n<p><strong>Plan Resistir Plus<\/strong><\/p>\n\n\n\n<p>Durante su intervenci\u00f3n, el president tambi\u00e9n ha explicado que la Generalitat se enfrenta al triple reto de \u00abcombatir la epidemia silenciosa en la salud mental\u00bb, para lo que se ha creado un comisionado para atender la salud psicol\u00f3gica de la poblaci\u00f3n valenciana; \u00abevitar brotes de desigualdad en la salida de la crisis\u00bb, por lo que se est\u00e1n desarrollando acciones dirigidas a crear trabajo y reforzar la protecci\u00f3n social; y en tercer lugar \u00abhacer justicia con los que peor lo han pasado\u00bb.<\/p>\n\n\n\n<p>Por \u00faltimo, ha avanzado que el nuevo plan de ayudas Resistir Plus, que ser\u00e1 presentado en los pr\u00f3ximos d\u00edas, contempla 647 millones de euros para \u00abreforzar a las empresas, los aut\u00f3nomos y los trabajadores que m\u00e1s se han sacrificado\u00bb, y ha asegurado que los esfuerzos realizados por la hosteler\u00eda y el turismo ser\u00e1n recompensados con estas ayudas.<\/p>\n\n\n\n<p>En la reuni\u00f3n de la comisi\u00f3n interdepartamental han participado la vicepresidenta y consellera de Igualdad y Pol\u00edticas Inclusivas, M\u00f3nica Oltra; el vicepresidente segundo y conseller de Vivienda y Arquitectura Bioclim\u00e1tica, Rub\u00e9n Mart\u00ednez Dalmau; la consellera de Justicia, Interior y Administraci\u00f3n P\u00fablica, Gabriela Bravo; el conseller de Educaci\u00f3n, Cultura y Deporte, Vicent Marz\u00e0; la consellera de Sanidad Universal y Salud P\u00fablica, Ana Barcel\u00f3; el conseller de Econom\u00eda Sostenible, Sectores Productivos, Comercio y Trabajo, Rafa Climent; y el conseller de Pol\u00edtica Territorial, Obras P\u00fablicas y Movilidad, Arcadi Espa\u00f1a.<\/p>\n\n\n\n<p><strong>Restricciones en vigor<\/strong><\/p>\n\n\n\n<p>Adem\u00e1s de las medidas anunciadas por el president, cabe destacar que se mantiene la prohibici\u00f3n de celebraciones populares, desfiles o espect\u00e1culos itinerantes.&nbsp;<\/p>\n\n\n\n<p>Los eventos permitidos y que puedan implicar aglomeraci\u00f3n de personas se realizar\u00e1n con un aforo m\u00e1ximo del 75% y 500 personas de m\u00e1ximo en interiores y 1.000 en exteriores.<\/p>\n\n\n\n<p>Se pueden establecer cuatro sectores con servicios de ba\u00f1o, entrada y salida, y hosteler\u00eda diferenciados con 500 personas por sector. Adem\u00e1s, la distancia entre asientos ser\u00e1 de 1,5 metros, y las entradas y salidas ser\u00e1n escalonadas.<\/p>\n\n\n\n<p>No se permite ni alimentos ni bebidas (excepto agua) fuera de la zona de restauraci\u00f3n, y tampoco se puede fumar ni utilizar dispositivos electr\u00f3nicos de inhalaci\u00f3n o similares.<\/p>\n\n\n\n<p><strong>Modificaci\u00f3n de aforos<\/strong><\/p>\n\n\n\n<p>Adem\u00e1s del incremento del aforo m\u00e1ximo en ceremonias y celebraciones, religiosas o civiles, tambi\u00e9n pasa del 30 al 50% el aforo m\u00e1ximo en zonas comunes de hoteles, albergues, casas rurales y otros alojamientos; actividades de ocio educativo, educaci\u00f3n de tiempo libre, escuelas de animaci\u00f3n juvenil; y piscinas, playas y spas.<\/p>\n\n\n\n<p>En cuanto a las actividades deportivas y eventos con p\u00fablico (excepto entrenamientos que se mantienen sin p\u00fablico), el m\u00e1ximo de asistentes ser\u00e1 de 1.000 personas en instalaciones abiertas y 500 en cerradas; y la participaci\u00f3n de deportistas ser\u00e1 de 1.000 en instalaciones abiertas y 300 en cerradas.<\/p>\n\n\n\n<p>Se produce un incremento del aforo m\u00e1ximo del 50 al 75% en pabellones de congresos, salas de conferencias o multiusos; cines, autocines, cines de verano, teatros, anfiteatros, auditorios, salar de artes esc\u00e9nicas y circos; bibliotecas, archivos, museos, salas de exposiciones, galer\u00edas de arte y otros equipamientos culturales.<\/p>\n\n\n\n<p>Asimismo, el aforo m\u00e1ximo ser\u00e1 del 75% en ense\u00f1anzas art\u00edsticas regladas en conservatorios y centros autorizados; no regladas en escuelas de m\u00fasica o danza y actividad formativa de agrupaciones musicales en general; academias, autoescuelas y otros centros de formaci\u00f3n no reglada; establecimientos y locales comerciales y de servicios profesionales; y mercados de venta no sedentaria.<\/p>\n\n\n\n<p>En cuanto a visitas guiadas, gu\u00edas tur\u00edsticos, actividades de tiempo libre, parques infantiles y la pr\u00e1ctica de la actividad f\u00edsica, tanto individual como dirigida por un profesional, se podr\u00e1 producir en grupos de 20 personas en recintos abiertos y de 10 en recintos cerrados.&nbsp;<\/p>\n\n\n\n<p>En el caso de locales de ocio, podr\u00e1n ejercer si su licencia lo permite, actividades de restauraci\u00f3n y hosteler\u00eda en las mismas condiciones que regulan las actividades de ocio y hosteler\u00eda.<\/p>\n","protected":false},"excerpt":{"rendered":"<div class=\"mh-excerpt\">El president de la Generalitat ha presidido la Mesa Interdepartamental para la Prevenci\u00f3n y Actuaci\u00f3n ante la COVID-19 en la que han sido abordadas las nuevas medidas que entrar\u00e1n en vigor el lunes 26 de <a class=\"mh-excerpt-more\" href=\"https:\/\/www.tucomarca.com\/wordpress\/segunda\/ximo-puig-anuncia-la-ampliacion-del-horario-de-apertura-de-la-hosteleria-y-el-comercio-hasta-las-22-horas\/\" title=\"Ximo Puig anuncia la ampliaci\u00f3n del horario de apertura de la hosteler\u00eda y el comercio hasta las 22 horas\">[+] <\/a><\/div>\n","protected":false},"author":1,"featured_media":131467,"comment_status":"open","ping_status":"open","sticky":false,"template":"","format":"standard","meta":{"footnotes":""},"categories":[119,12201,128,8,72,117,142,3,116,45],"tags":[11937,11938,2972],"class_list":{"0":"post-131466","1":"post","2":"type-post","3":"status-publish","4":"format-standard","5":"has-post-thumbnail","7":"category-sanidad-la-comarca","8":"category-covid-19","9":"category-infraestructuras","10":"category-la-comarca","11":"category-sin-categorizar","12":"category-medio-ambiente-la-comarca","13":"category-politica-la-comarca","14":"category-seccion","15":"category-sucesos-la-comarca","16":"category-ventana","17":"tag-coronavirus","18":"tag-covid-19","19":"tag-ximo-puig"},"_links":{"self":[{"href":"https:\/\/www.tucomarca.com\/wordpress\/segunda\/wp-json\/wp\/v2\/posts\/131466","targetHints":{"allow":["GET"]}}],"collection":[{"href":"https:\/\/www.tucomarca.com\/wordpress\/segunda\/wp-json\/wp\/v2\/posts"}],"about":[{"href":"https:\/\/www.tucomarca.com\/wordpress\/segunda\/wp-json\/wp\/v2\/types\/post"}],"author":[{"embeddable":true,"href":"https:\/\/www.tucomarca.com\/wordpress\/segunda\/wp-json\/wp\/v2\/users\/1"}],"replies":[{"embeddable":true,"href":"https:\/\/www.tucomarca.com\/wordpress\/segunda\/wp-json\/wp\/v2\/comments?post=131466"}],"version-history":[{"count":0,"href":"https:\/\/www.tucomarca.com\/wordpress\/segunda\/wp-json\/wp\/v2\/posts\/131466\/revisions"}],"wp:featuredmedia":[{"embeddable":true,"href":"https:\/\/www.tucomarca.com\/wordpress\/segunda\/wp-json\/wp\/v2\/media\/131467"}],"wp:attachment":[{"href":"https:\/\/www.tucomarca.com\/wordpress\/segunda\/wp-json\/wp\/v2\/media?parent=131466"}],"wp:term":[{"taxonomy":"category","embeddable":true,"href":"https:\/\/www.tucomarca.com\/wordpress\/segunda\/wp-json\/wp\/v2\/categories?post=131466"},{"taxonomy":"post_tag","embeddable":true,"href":"https:\/\/www.tucomarca.com\/wordpress\/segunda\/wp-json\/wp\/v2\/tags?post=131466"}],"curies":[{"name":"wp","href":"https:\/\/api.w.org\/{rel}","templated":true}]}}