{"id":13164,"date":"2013-04-11T18:49:04","date_gmt":"2013-04-11T17:49:04","guid":{"rendered":"http:\/\/www.tucomarca.com\/wordpress\/segunda\/?p=13164"},"modified":"2013-04-11T18:49:04","modified_gmt":"2013-04-11T17:49:04","slug":"el-pp-asegura-que-%c2%abbunol-esta-muerto-economicamente-se-ha-convertido-en-un-paramo-industrial-y-comercial%c2%bb","status":"publish","type":"post","link":"https:\/\/www.tucomarca.com\/wordpress\/segunda\/el-pp-asegura-que-%c2%abbunol-esta-muerto-economicamente-se-ha-convertido-en-un-paramo-industrial-y-comercial%c2%bb\/","title":{"rendered":"El PP asegura que \u00abBu\u00f1ol est\u00e1 muerto econ\u00f3micamente: Se ha convertido en un p\u00e1ramo industrial y comercial\u00bb"},"content":{"rendered":"<p>\u00abLos populares queremos denunciar que hoy tenemos en Bu\u00f1ol 1.193 desempleados, 342 m\u00e1s que en junio de 2011, cuando entraron al gobierno EU, PSOE e IAB, por lo que consideramos fracasado as\u00ed como una farsa el mal llamado Plan de Empleo Local promovido desde el equipo de gobierno municipal\u00bb, tal como han hecho p\u00fablico desde el PP de Bu\u00f1ol a trav\u00e9s de un comunicado.<\/p>\n<p>\u00abUn plan que se ha vendido a bombo y platillo; pero que ha resultado in\u00fatil, ya que en dos a\u00f1os de legislatura no se ha hecho absolutamente nada para apoyar a las empresas locales y facilitar el acceso al trabajo\u00bb, han a\u00f1adido.<\/p>\n<p>\u00abSin duda alguna y como nos trasladan los ciudadanos, Bu\u00f1ol est\u00e1 muerto, econ\u00f3micamente hablando; y se ha convertido en un p\u00e1ramo industrial y comercial. Y mientras esto ha ocurrido, el gobierno local se ha centrado en la elaboraci\u00f3n de unos folletos que costaron 4.000 euros y en los que se echa claramente de menos un plan estrat\u00e9gico de empleo, con medidas de choque, algo para lo que parecen no haber tenido tiempo los gestores que han pasado por el Ayuntamiento durante las \u00faltimas d\u00e9cadas\u00bb.<\/p>\n<p>\u00abY los populares creemos que un ejemplo evidente de la escasa o nula preocupaci\u00f3n de EU, PSOE e IAB por el empleo es la reducci\u00f3n a la mitad de la partida de Empleo en el Presupuesto municipal, que anteriormente ya era rid\u00edcula y que ahora se queda en poco m\u00e1s de 20.000. Eso s\u00ed, los sueldos pol\u00edticos no se los han bajado ni un s\u00f3lo euro.\u00a0No s\u00f3lo criticamos la dejadez en pol\u00edticas de empleo durante esta primera mitad de la legislatura, sino tambi\u00e9n el incumplimiento de forma vergonzante de todas sus promesas electorales. Prometieron potenciar la m\u00fasica como elemento vertebrador del turismo cultural, prometieron mantener el servicio de la piscina municipal como instalaci\u00f3n de invierno, tomar medidas que multiplicaran el suelo industrial y sobre todo, con\u00a0pancartas incluidas, promover las contrataciones de obras y servicios con empresas locales. Y de todo eso, nada de nada. Han hecho todo lo contrario. El actual tripartito es el responsable de los mayores recortes a nuestro tejido asociativo, disminuyendo brutalmente las subvenciones a las sociedades musicales y sus escuelas, el mayor motor de creaci\u00f3n de empleo en nuestra poblaci\u00f3n. A su vez, han cerrado la piscina cubierta dejando a 600 usuarios sin servicios y despidiendo a varios empleados p\u00fablicos. Pero lo que m\u00e1s llama la atenci\u00f3n durante estos d\u00edas son los \u2018apa\u00f1os\u2019 superficiales en varias calles, una obras pagadas a trav\u00e9s de las ayudas PPOS del a\u00f1o 2012 por la Diputaci\u00f3n de Valencia, por cierto gobernada por el PP. En este punto, llama la atenci\u00f3n que la obra la haya realizado una empresa de fuera de Bu\u00f1ol que ha llegado a contratar como apoyo a otras empresas de la comarca, pero que no ha generado ning\u00fan puesto de trabajo en Bu\u00f1ol\u00bb tal como afirman desde el PP de la localidad.<\/p>\n<p>\u00abDesde el equipo econ\u00f3mico del Partido Popular bu\u00f1olense afirmamos que no se han tomado ni una sola medida que favorezca la posible llegada de empleo a Bu\u00f1ol, algo a lo que no ayuda la eliminaci\u00f3n de la Agente de Desarrollo Local (ADL). Pero mientras todo esto va como va, en los pr\u00f3ximos meses tendremos un mirador, otro m\u00e1s. La \u00fanica obsesi\u00f3n del que manda en este pueblo, como si fueran los a\u00f1os 80, no s\u00f3lo es re\u00edrse de los vecinos y de la democracia como hicieron en el refer\u00e9ndum del paso a nivel, sino seguir con sus viajes de placer enmascarados de institucionales y con sus libros financiados con dinero p\u00fablico. Y todo esto con el benepl\u00e1cito c\u00f3mplice de sus socios de gobierno: PSOE e IAB\u00bb, finalizan los populares en su comunicado.<\/p>\n<p>&nbsp;<\/p>\n","protected":false},"excerpt":{"rendered":"<div class=\"mh-excerpt\">\u00abLos populares queremos denunciar que hoy tenemos en Bu\u00f1ol 1.193 desempleados, 342 m\u00e1s que en junio de 2011, cuando entraron al gobierno EU, PSOE e IAB, por lo que consideramos fracasado as\u00ed como una farsa <a class=\"mh-excerpt-more\" href=\"https:\/\/www.tucomarca.com\/wordpress\/segunda\/el-pp-asegura-que-%c2%abbunol-esta-muerto-economicamente-se-ha-convertido-en-un-paramo-industrial-y-comercial%c2%bb\/\" title=\"El PP asegura que \u00abBu\u00f1ol est\u00e1 muerto econ\u00f3micamente: Se ha convertido en un p\u00e1ramo industrial y comercial\u00bb\">[+] <\/a><\/div>\n","protected":false},"author":1,"featured_media":0,"comment_status":"open","ping_status":"open","sticky":false,"template":"","format":"standard","meta":{"footnotes":""},"categories":[18,8,10,142,3],"tags":[],"class_list":{"0":"post-13164","1":"post","2":"type-post","3":"status-publish","4":"format-standard","6":"category-bunol","7":"category-la-comarca","8":"category-la-hoya","9":"category-politica-la-comarca","10":"category-seccion"},"_links":{"self":[{"href":"https:\/\/www.tucomarca.com\/wordpress\/segunda\/wp-json\/wp\/v2\/posts\/13164","targetHints":{"allow":["GET"]}}],"collection":[{"href":"https:\/\/www.tucomarca.com\/wordpress\/segunda\/wp-json\/wp\/v2\/posts"}],"about":[{"href":"https:\/\/www.tucomarca.com\/wordpress\/segunda\/wp-json\/wp\/v2\/types\/post"}],"author":[{"embeddable":true,"href":"https:\/\/www.tucomarca.com\/wordpress\/segunda\/wp-json\/wp\/v2\/users\/1"}],"replies":[{"embeddable":true,"href":"https:\/\/www.tucomarca.com\/wordpress\/segunda\/wp-json\/wp\/v2\/comments?post=13164"}],"version-history":[{"count":0,"href":"https:\/\/www.tucomarca.com\/wordpress\/segunda\/wp-json\/wp\/v2\/posts\/13164\/revisions"}],"wp:attachment":[{"href":"https:\/\/www.tucomarca.com\/wordpress\/segunda\/wp-json\/wp\/v2\/media?parent=13164"}],"wp:term":[{"taxonomy":"category","embeddable":true,"href":"https:\/\/www.tucomarca.com\/wordpress\/segunda\/wp-json\/wp\/v2\/categories?post=13164"},{"taxonomy":"post_tag","embeddable":true,"href":"https:\/\/www.tucomarca.com\/wordpress\/segunda\/wp-json\/wp\/v2\/tags?post=13164"}],"curies":[{"name":"wp","href":"https:\/\/api.w.org\/{rel}","templated":true}]}}