{"id":131939,"date":"2021-04-28T16:55:00","date_gmt":"2021-04-28T15:55:00","guid":{"rendered":"http:\/\/www.tucomarca.com\/wordpress\/segunda\/?p=131939"},"modified":"2021-04-28T18:27:34","modified_gmt":"2021-04-28T17:27:34","slug":"sanidad-registra-225-casos-nuevos-de-coronavirus-5-fallecimientos-y-180-altas-en-la-comunitat-valenciana","status":"publish","type":"post","link":"https:\/\/www.tucomarca.com\/wordpress\/segunda\/sanidad-registra-225-casos-nuevos-de-coronavirus-5-fallecimientos-y-180-altas-en-la-comunitat-valenciana\/","title":{"rendered":"Sanidad registra 225 casos nuevos de coronavirus, 5 fallecimientos y 180 altas en la Comunitat Valenciana"},"content":{"rendered":"\n<p><strong>Nuevos casos por provincias: 41 en Castell\u00f3n, 57 en Alicante y 127 en la provincia de Valencia<\/strong><\/p>\n\n\n\n<p>La Comunitat Valenciana ha administrado un total de 1.574.074 dosis de la vacuna contra el coronavirus. Por provincias, 185.716 en Castell\u00f3n, 577.998 en Alicante y 810.360 en Valencia. Han recibido la pauta completa de inmunizaci\u00f3n (dos dosis para Pfizer, Moderna y AstraZeneca y la monodosis de Janssen) 411.342 personas.&nbsp;<\/p>\n\n\n\n<p>Adem\u00e1s, se han notificado 225 casos nuevos de coronavirus confirmados por prueba PCR o a trav\u00e9s de test de ant\u00edgenos desde la \u00faltima actualizaci\u00f3n, que sit\u00faan la cifra total de positivos en 390.075 personas. Por provincias, 41 en Castell\u00f3n (40.189 en total); 57 en Alicante (146.249 en total); y 127 en Valencia, provincia a la que se ha reasignado un caso (203.636 en total). El total de casos no asignados baja a 1.<\/p>\n\n\n\n<p>Desde la \u00faltima actualizaci\u00f3n se han registrado 180 altas a pacientes con coronavirus. De esta forma, ya son 390.243 personas en la Comunitat Valenciana las que han superado la enfermedad desde que comenz\u00f3 la pandemia. Por provincias, las altas se distribuyen del siguiente modo: 40.328 en Castell\u00f3n, 145.987 en Alicante y 203.873 en Valencia. El total de altas no asignadas se reduce a 55.<\/p>\n\n\n\n<p>Los hospitales valencianos tienen, actualmente, 256 personas ingresadas: 54 en la provincia de Castell\u00f3n, con 8 pacientes en UCI; 69 en la provincia de Alicante, 18 de ellos en la UCI; y 133 en la provincia de Valencia, 28 de ellos en UCI.<\/p>\n\n\n\n<p>Adem\u00e1s, se han registrado 5 fallecimientos por coronavirus desde la \u00faltima actualizaci\u00f3n, por lo que el total de defunciones desde el inicio de la pandemia es de 7.307: 794 en la provincia de Castell\u00f3n, 2.779 en la de Alicante y 3.734 en la de Valencia.<\/p>\n\n\n\n<p>De acuerdo con los datos registrados, en estos momentos hay 3.993 casos activos, lo que supone un 0,99% del total de positivos.<\/p>\n\n\n\n<p><strong>Actualizaci\u00f3n de la situaci\u00f3n en residencias<\/strong><\/p>\n\n\n\n<p>En estos momentos hay casos positivos en 7 residencias de mayores (1 en la provincia de Castell\u00f3n, 2 en la provincia de Alicante y 4 en la provincia de Valencia) y 1 centro de menores de la provincia de Valencia. Los nuevos casos que se han declarado en centros de mayores corresponden a personas asintom\u00e1ticas.<\/p>\n\n\n\n<p>\u00b7 Residentes nuevos positivos: 0<\/p>\n\n\n\n<p>\u00b7 Trabajadores y trabajadoras nuevos positivos: 5<\/p>\n\n\n\n<p>\u00b7 Residentes que han fallecido: 4<\/p>\n\n\n\n<p><strong>Actualizaci\u00f3n brotes de coronavirus<\/strong><\/p>\n\n\n\n<p>Se han notificado 10 brotes desde la \u00faltima actualizaci\u00f3n:<\/p>\n\n\n\n<p>\u00b7 Almassora: 3 casos. Origen laboral<\/p>\n\n\n\n<p>\u00b7 Denia: 3 casos. Origen social<\/p>\n\n\n\n<p>\u00b7 Tavernes de la Valldigna: 4 casos. Origen social<\/p>\n\n\n\n<p>\u00b7 Val\u00e8ncia: 3 casos. Origen laboral<\/p>\n\n\n\n<p>\u00b7 Rafal: 6 casos. Origen social<\/p>\n\n\n\n<p>\u00b7 Orihuela: 4 casos. \u00c1mbito educativo<\/p>\n\n\n\n<p>\u00b7 Massamagrell: 4 casos. Origen social<\/p>\n\n\n\n<p>\u00b7 La Vall d&#8217;Uix\u00f3: 11 casos. Origen social<\/p>\n\n\n\n<p>\u00b7 Elche: 9 casos. Origen social<\/p>\n\n\n\n<p>\u00b7 San Antonio de Benag\u00e9ber: 5 casos. Origen social<\/p>\n","protected":false},"excerpt":{"rendered":"<div class=\"mh-excerpt\">Nuevos casos por provincias: 41 en Castell\u00f3n, 57 en Alicante y 127 en la provincia de Valencia La Comunitat Valenciana ha administrado un total de 1.574.074 dosis de la vacuna contra el coronavirus. Por provincias, <a class=\"mh-excerpt-more\" href=\"https:\/\/www.tucomarca.com\/wordpress\/segunda\/sanidad-registra-225-casos-nuevos-de-coronavirus-5-fallecimientos-y-180-altas-en-la-comunitat-valenciana\/\" title=\"Sanidad registra 225 casos nuevos de coronavirus, 5 fallecimientos y 180 altas en la Comunitat Valenciana\">[+] <\/a><\/div>\n","protected":false},"author":1,"featured_media":130502,"comment_status":"open","ping_status":"open","sticky":false,"template":"","format":"standard","meta":{"footnotes":""},"categories":[46,119,12201,128,8,117,142,183,3,116,45],"tags":[10395,11937,11938,10438],"class_list":{"0":"post-131939","1":"post","2":"type-post","3":"status-publish","4":"format-standard","5":"has-post-thumbnail","7":"category-camp-de-turia","8":"category-sanidad-la-comarca","9":"category-covid-19","10":"category-infraestructuras","11":"category-la-comarca","12":"category-medio-ambiente-la-comarca","13":"category-politica-la-comarca","14":"category-san-antonio-de-benageber","15":"category-seccion","16":"category-sucesos-la-comarca","17":"category-ventana","18":"tag-camp-de-turia","19":"tag-coronavirus","20":"tag-covid-19","21":"tag-san-antonio-de-benageber"},"_links":{"self":[{"href":"https:\/\/www.tucomarca.com\/wordpress\/segunda\/wp-json\/wp\/v2\/posts\/131939","targetHints":{"allow":["GET"]}}],"collection":[{"href":"https:\/\/www.tucomarca.com\/wordpress\/segunda\/wp-json\/wp\/v2\/posts"}],"about":[{"href":"https:\/\/www.tucomarca.com\/wordpress\/segunda\/wp-json\/wp\/v2\/types\/post"}],"author":[{"embeddable":true,"href":"https:\/\/www.tucomarca.com\/wordpress\/segunda\/wp-json\/wp\/v2\/users\/1"}],"replies":[{"embeddable":true,"href":"https:\/\/www.tucomarca.com\/wordpress\/segunda\/wp-json\/wp\/v2\/comments?post=131939"}],"version-history":[{"count":0,"href":"https:\/\/www.tucomarca.com\/wordpress\/segunda\/wp-json\/wp\/v2\/posts\/131939\/revisions"}],"wp:featuredmedia":[{"embeddable":true,"href":"https:\/\/www.tucomarca.com\/wordpress\/segunda\/wp-json\/wp\/v2\/media\/130502"}],"wp:attachment":[{"href":"https:\/\/www.tucomarca.com\/wordpress\/segunda\/wp-json\/wp\/v2\/media?parent=131939"}],"wp:term":[{"taxonomy":"category","embeddable":true,"href":"https:\/\/www.tucomarca.com\/wordpress\/segunda\/wp-json\/wp\/v2\/categories?post=131939"},{"taxonomy":"post_tag","embeddable":true,"href":"https:\/\/www.tucomarca.com\/wordpress\/segunda\/wp-json\/wp\/v2\/tags?post=131939"}],"curies":[{"name":"wp","href":"https:\/\/api.w.org\/{rel}","templated":true}]}}