{"id":132070,"date":"2021-05-03T04:00:00","date_gmt":"2021-05-03T03:00:00","guid":{"rendered":"http:\/\/www.tucomarca.com\/wordpress\/segunda\/?p=132070"},"modified":"2021-05-03T12:48:51","modified_gmt":"2021-05-03T11:48:51","slug":"proteccion-civil-de-bunol-rescata-a-un-senderista-que-se-habia-quedado-atrapado-entre-los-matorrales-cerca-de-la-jarra","status":"publish","type":"post","link":"https:\/\/www.tucomarca.com\/wordpress\/segunda\/proteccion-civil-de-bunol-rescata-a-un-senderista-que-se-habia-quedado-atrapado-entre-los-matorrales-cerca-de-la-jarra\/","title":{"rendered":"Protecci\u00f3n Civil de Bu\u00f1ol rescata a un senderista que se hab\u00eda quedado atrapado entre los matorrales cerca de La Jarra"},"content":{"rendered":"\n<h4 class=\"wp-block-heading\">La Concejal\u00eda de Interior del Ayuntamiento de Bu\u00f1ol ha querido agradecer la excelente labor de rescate que este fin de semana llev\u00f3 a cabo Protecci\u00f3n Civil a un senderista que se hab\u00eda equivocado de camino, quedando atrapado entre matorrales en la partida de La Umbr\u00eda, cerca del paraje conocido como La Jarra.<\/h4>\n\n\n\n<p>\u00abEl senderista llam\u00f3 a Polic\u00eda Local. \u00c9stos se pusieron en contacto de forma inmediata con Protecci\u00f3n Civil de Bu\u00f1ol y, r\u00e1pidamente \u00c1ngel Merenciano, Jefe de esta agrupaci\u00f3n de rescate acudi\u00f3 a la zona ayudando al senderista a lograr salir de los matorrales de forma ejemplar\u00bb, seg\u00fan han informado fuentes municipales.\u00a0<\/p>\n\n\n\n<p>\u00abEl Ayuntamiento de Bu\u00f1ol quiere agradecer a Protecci\u00f3n Civil que siempre est\u00e1n ayudando al pueblo all\u00e1 donde se necesita, prueba de eso ha sido esta estupenda acci\u00f3n de rescate\u00bb, han finalizado.<\/p>\n","protected":false},"excerpt":{"rendered":"<div class=\"mh-excerpt\">La Concejal\u00eda de Interior del Ayuntamiento de Bu\u00f1ol ha querido agradecer la excelente labor de rescate que este fin de semana llev\u00f3 a cabo Protecci\u00f3n Civil a un senderista que se hab\u00eda equivocado de camino, <a class=\"mh-excerpt-more\" href=\"https:\/\/www.tucomarca.com\/wordpress\/segunda\/proteccion-civil-de-bunol-rescata-a-un-senderista-que-se-habia-quedado-atrapado-entre-los-matorrales-cerca-de-la-jarra\/\" title=\"Protecci\u00f3n Civil de Bu\u00f1ol rescata a un senderista que se hab\u00eda quedado atrapado entre los matorrales cerca de La Jarra\">[+] <\/a><\/div>\n","protected":false},"author":12,"featured_media":132072,"comment_status":"open","ping_status":"open","sticky":false,"template":"","format":"standard","meta":{"footnotes":""},"categories":[18,128,8,10,3,116],"tags":[10385,5952,1300,2596],"class_list":{"0":"post-132070","1":"post","2":"type-post","3":"status-publish","4":"format-standard","5":"has-post-thumbnail","7":"category-bunol","8":"category-infraestructuras","9":"category-la-comarca","10":"category-la-hoya","11":"category-seccion","12":"category-sucesos-la-comarca","13":"tag-bunol","14":"tag-la-hoya-de-bunol-chiva","15":"tag-proteccion-civil","16":"tag-rescate"},"_links":{"self":[{"href":"https:\/\/www.tucomarca.com\/wordpress\/segunda\/wp-json\/wp\/v2\/posts\/132070","targetHints":{"allow":["GET"]}}],"collection":[{"href":"https:\/\/www.tucomarca.com\/wordpress\/segunda\/wp-json\/wp\/v2\/posts"}],"about":[{"href":"https:\/\/www.tucomarca.com\/wordpress\/segunda\/wp-json\/wp\/v2\/types\/post"}],"author":[{"embeddable":true,"href":"https:\/\/www.tucomarca.com\/wordpress\/segunda\/wp-json\/wp\/v2\/users\/12"}],"replies":[{"embeddable":true,"href":"https:\/\/www.tucomarca.com\/wordpress\/segunda\/wp-json\/wp\/v2\/comments?post=132070"}],"version-history":[{"count":0,"href":"https:\/\/www.tucomarca.com\/wordpress\/segunda\/wp-json\/wp\/v2\/posts\/132070\/revisions"}],"wp:featuredmedia":[{"embeddable":true,"href":"https:\/\/www.tucomarca.com\/wordpress\/segunda\/wp-json\/wp\/v2\/media\/132072"}],"wp:attachment":[{"href":"https:\/\/www.tucomarca.com\/wordpress\/segunda\/wp-json\/wp\/v2\/media?parent=132070"}],"wp:term":[{"taxonomy":"category","embeddable":true,"href":"https:\/\/www.tucomarca.com\/wordpress\/segunda\/wp-json\/wp\/v2\/categories?post=132070"},{"taxonomy":"post_tag","embeddable":true,"href":"https:\/\/www.tucomarca.com\/wordpress\/segunda\/wp-json\/wp\/v2\/tags?post=132070"}],"curies":[{"name":"wp","href":"https:\/\/api.w.org\/{rel}","templated":true}]}}