{"id":13222,"date":"2013-04-12T17:05:20","date_gmt":"2013-04-12T16:05:20","guid":{"rendered":"http:\/\/www.tucomarca.com\/wordpress\/segunda\/?p=13222"},"modified":"2013-04-12T17:05:20","modified_gmt":"2013-04-12T16:05:20","slug":"anna-ahorrara-10-491-euros-anuales-en-la-factura-de-la-luz-con-los-led-de-la-diputacion","status":"publish","type":"post","link":"https:\/\/www.tucomarca.com\/wordpress\/segunda\/anna-ahorrara-10-491-euros-anuales-en-la-factura-de-la-luz-con-los-led-de-la-diputacion\/","title":{"rendered":"Anna ahorrar\u00e1 10.491 euros anuales en la factura de la luz con los led de la Diputaci\u00f3n"},"content":{"rendered":"<p>La Diputaci\u00f3nde Valencia propiciar\u00e1 con el\u00a0\u00a0Plan de Eficiencia Energ\u00e9tica para el alumbrado p\u00fablico un ahorro en\u00a0Anna de 10.491 euros anuales en la factura de la electricidad. El coste del proyecto asciende a 71.215 euros y ser\u00e1 financiado totalmente por la corporaci\u00f3n provincial.<\/p>\n<p>La poblaci\u00f3n de la Canal de Navarr\u00e9s ha cambiado su antiguo alumbrado de vapor de sodio, de 150 watios, por 254 bombillas led de sustituci\u00f3n directa, de 55 y 45 watios. Gran parte de las luminarias ya han sido instaladas en el casco urbano de Anna lo que propiciar\u00e1 una reducci\u00f3n de la emisi\u00f3n de 19 toneladas de CO2 anuales a la atm\u00f3sfera.<\/p>\n<p>Un total de 211 municipios de la provincia se ha acogido ya al Plan de Eficiencia Energ\u00e9tica para el Alumbrado P\u00fablico de la Diputaci\u00f3n<\/p>\n<p><strong>14.600 toneladas menos de CO2 al a\u00f1o<\/strong><\/p>\n<p>El Plan de Eficiencia Energ\u00e9tica para el alumbrado p\u00fablico supone una inversi\u00f3n de 30 millones de euros de la Diputaci\u00f3n y pretende\u00a0 cambiar 200.000 puntos de luz de 150 watios por 200.000 bombillas LED de 50 watios. Con un funcionamiento de 8 horas diarias de las luminarias, se conseguir\u00e1 reducir la contaminaci\u00f3n al evitar la propagaci\u00f3n de 14.600 toneladas de CO2 a la atm\u00f3sfera al a\u00f1o.<\/p>\n<p>La iniciativa tiene como\u00a0objetivo financiar el coste total que supone la sustituci\u00f3n de las bombillas actuales del alumbrado p\u00fablico exterior por bombillas led de sustituci\u00f3n directa, lo que permitir\u00e1 a las corporaciones locales ahorrar en la factura el\u00e9ctrica y recuperar la inversi\u00f3n realizada en este \u00e1mbito en un a\u00f1o y medio.<\/p>\n","protected":false},"excerpt":{"rendered":"<div class=\"mh-excerpt\">La Diputaci\u00f3nde Valencia propiciar\u00e1 con el\u00a0\u00a0Plan de Eficiencia Energ\u00e9tica para el alumbrado p\u00fablico un ahorro en\u00a0Anna de 10.491 euros anuales en la factura de la electricidad. El coste del proyecto asciende a 71.215 euros y <a class=\"mh-excerpt-more\" href=\"https:\/\/www.tucomarca.com\/wordpress\/segunda\/anna-ahorrara-10-491-euros-anuales-en-la-factura-de-la-luz-con-los-led-de-la-diputacion\/\" title=\"Anna ahorrar\u00e1 10.491 euros anuales en la factura de la luz con los led de la Diputaci\u00f3n\">[+] <\/a><\/div>\n","protected":false},"author":1,"featured_media":0,"comment_status":"open","ping_status":"open","sticky":false,"template":"","format":"standard","meta":{"footnotes":""},"categories":[78,128,70,8,3],"tags":[],"class_list":{"0":"post-13222","1":"post","2":"type-post","3":"status-publish","4":"format-standard","6":"category-anna","7":"category-infraestructuras","8":"category-la-canal-de-navarres","9":"category-la-comarca","10":"category-seccion"},"_links":{"self":[{"href":"https:\/\/www.tucomarca.com\/wordpress\/segunda\/wp-json\/wp\/v2\/posts\/13222","targetHints":{"allow":["GET"]}}],"collection":[{"href":"https:\/\/www.tucomarca.com\/wordpress\/segunda\/wp-json\/wp\/v2\/posts"}],"about":[{"href":"https:\/\/www.tucomarca.com\/wordpress\/segunda\/wp-json\/wp\/v2\/types\/post"}],"author":[{"embeddable":true,"href":"https:\/\/www.tucomarca.com\/wordpress\/segunda\/wp-json\/wp\/v2\/users\/1"}],"replies":[{"embeddable":true,"href":"https:\/\/www.tucomarca.com\/wordpress\/segunda\/wp-json\/wp\/v2\/comments?post=13222"}],"version-history":[{"count":0,"href":"https:\/\/www.tucomarca.com\/wordpress\/segunda\/wp-json\/wp\/v2\/posts\/13222\/revisions"}],"wp:attachment":[{"href":"https:\/\/www.tucomarca.com\/wordpress\/segunda\/wp-json\/wp\/v2\/media?parent=13222"}],"wp:term":[{"taxonomy":"category","embeddable":true,"href":"https:\/\/www.tucomarca.com\/wordpress\/segunda\/wp-json\/wp\/v2\/categories?post=13222"},{"taxonomy":"post_tag","embeddable":true,"href":"https:\/\/www.tucomarca.com\/wordpress\/segunda\/wp-json\/wp\/v2\/tags?post=13222"}],"curies":[{"name":"wp","href":"https:\/\/api.w.org\/{rel}","templated":true}]}}