{"id":13225,"date":"2013-04-12T17:10:19","date_gmt":"2013-04-12T16:10:19","guid":{"rendered":"http:\/\/www.tucomarca.com\/wordpress\/segunda\/?p=13225"},"modified":"2013-04-12T17:10:19","modified_gmt":"2013-04-12T16:10:19","slug":"valencia-terra-i-mar-presenta-la-oferta-turistica-de-la-provincia-a-mas-de-50-agencias-de-viajes-valencianas","status":"publish","type":"post","link":"https:\/\/www.tucomarca.com\/wordpress\/segunda\/valencia-terra-i-mar-presenta-la-oferta-turistica-de-la-provincia-a-mas-de-50-agencias-de-viajes-valencianas\/","title":{"rendered":"Val\u00e8ncia, Terra i Mar presenta la oferta tur\u00edstica de la provincia a m\u00e1s de 50 agencias de viajes valencianas"},"content":{"rendered":"<figure id=\"attachment_13226\" aria-describedby=\"caption-attachment-13226\" style=\"width: 300px\" class=\"wp-caption alignleft\"><a href=\"https:\/\/www.tucomarca.com\/wordpress\/segunda\/wp-content\/uploads\/2013\/04\/turnexo.jpg\"><img loading=\"lazy\" decoding=\"async\" class=\"size-medium wp-image-13226\" title=\"turnexo\" src=\"https:\/\/www.tucomarca.com\/wordpress\/segunda\/wp-content\/uploads\/2013\/04\/turnexo-300x225.jpg\" alt=\"Estand Val\u00e8ncia Terra i Mar en Turnexo.\" width=\"300\" height=\"225\" srcset=\"https:\/\/www.tucomarca.com\/wordpress\/segunda\/wp-content\/uploads\/2013\/04\/turnexo-300x225.jpg 300w, https:\/\/www.tucomarca.com\/wordpress\/segunda\/wp-content\/uploads\/2013\/04\/turnexo-1024x768.jpg 1024w\" sizes=\"auto, (max-width: 300px) 100vw, 300px\" \/><\/a><figcaption id=\"caption-attachment-13226\" class=\"wp-caption-text\">Estand Val\u00e8ncia Terra i Mar en Turnexo.<\/figcaption><\/figure>\n<p>El Patronato Provincial de Turismo Val\u00e8ncia, Terra i Mar present\u00f3 ayer 11 de abril, en el Sal\u00f3n Profesional del Agente de Viajes, TurNExo, la oferta y los productos tur\u00edsticos de la provincia de Valencia a m\u00e1s de 100 profesionales del sector, de m\u00e1s de 50 agencias de viajes de la ciudad de Valencia.<\/p>\n<p>TurNexo, que se celebr\u00f3 en el Hotel Ayre Astoria Palace de Valencia, desde las 19.00 horas hasta las 23.00 horas, cont\u00f3 con representaci\u00f3n de cadenas hoteleras, l\u00edneas a\u00e9reas, turismo nacional e internacional y asociaciones del sector tur\u00edstico.<\/p>\n<p>Cabe destacar la presencia de Federaci\u00f3n Empresarial de Asociaciones Territoriales de Agencias de Viajes Espa\u00f1olas, Destino Regi\u00f3n Murcia, ERV Europea (seguros de viajes), Iberia, ICTE, Intermundial Corredur\u00eda de Seguros, Tap Portugal, Travelplan y Valladolid (oficina de Congresos).<\/p>\n<p>Los profesionales se informaron de las novedades y m\u00faltiples posibilidades que tiene tanto el interior, como el litoral de la provincia de Valencia.<\/p>\n<p>Las gu\u00edas m\u00e1s solicitadas de \u201cVal\u00e8ncia, Terra i Mar\u201c fueron la gu\u00eda de alojamiento hotelero, la gu\u00eda de Valencia y provincia, los mapas de carreteras, alojamiento rural y gastronom\u00eda.<\/p>\n<p>El Sal\u00f3n Profesional del Agente de viajes se celebra tambi\u00e9n en Bilbao, Barcelona, Madrid y Sevilla.<\/p>\n<p>&nbsp;<\/p>\n","protected":false},"excerpt":{"rendered":"<div class=\"mh-excerpt\">El Patronato Provincial de Turismo Val\u00e8ncia, Terra i Mar present\u00f3 ayer 11 de abril, en el Sal\u00f3n Profesional del Agente de Viajes, TurNExo, la oferta y los productos tur\u00edsticos de la provincia de Valencia a <a class=\"mh-excerpt-more\" href=\"https:\/\/www.tucomarca.com\/wordpress\/segunda\/valencia-terra-i-mar-presenta-la-oferta-turistica-de-la-provincia-a-mas-de-50-agencias-de-viajes-valencianas\/\" title=\"Val\u00e8ncia, Terra i Mar presenta la oferta tur\u00edstica de la provincia a m\u00e1s de 50 agencias de viajes valencianas\">[+] <\/a><\/div>\n","protected":false},"author":1,"featured_media":13226,"comment_status":"open","ping_status":"open","sticky":false,"template":"","format":"standard","meta":{"footnotes":""},"categories":[46,8,72,3],"tags":[],"class_list":{"0":"post-13225","1":"post","2":"type-post","3":"status-publish","4":"format-standard","5":"has-post-thumbnail","7":"category-camp-de-turia","8":"category-la-comarca","9":"category-sin-categorizar","10":"category-seccion"},"_links":{"self":[{"href":"https:\/\/www.tucomarca.com\/wordpress\/segunda\/wp-json\/wp\/v2\/posts\/13225","targetHints":{"allow":["GET"]}}],"collection":[{"href":"https:\/\/www.tucomarca.com\/wordpress\/segunda\/wp-json\/wp\/v2\/posts"}],"about":[{"href":"https:\/\/www.tucomarca.com\/wordpress\/segunda\/wp-json\/wp\/v2\/types\/post"}],"author":[{"embeddable":true,"href":"https:\/\/www.tucomarca.com\/wordpress\/segunda\/wp-json\/wp\/v2\/users\/1"}],"replies":[{"embeddable":true,"href":"https:\/\/www.tucomarca.com\/wordpress\/segunda\/wp-json\/wp\/v2\/comments?post=13225"}],"version-history":[{"count":0,"href":"https:\/\/www.tucomarca.com\/wordpress\/segunda\/wp-json\/wp\/v2\/posts\/13225\/revisions"}],"wp:featuredmedia":[{"embeddable":true,"href":"https:\/\/www.tucomarca.com\/wordpress\/segunda\/wp-json\/wp\/v2\/media\/13226"}],"wp:attachment":[{"href":"https:\/\/www.tucomarca.com\/wordpress\/segunda\/wp-json\/wp\/v2\/media?parent=13225"}],"wp:term":[{"taxonomy":"category","embeddable":true,"href":"https:\/\/www.tucomarca.com\/wordpress\/segunda\/wp-json\/wp\/v2\/categories?post=13225"},{"taxonomy":"post_tag","embeddable":true,"href":"https:\/\/www.tucomarca.com\/wordpress\/segunda\/wp-json\/wp\/v2\/tags?post=13225"}],"curies":[{"name":"wp","href":"https:\/\/api.w.org\/{rel}","templated":true}]}}