{"id":132332,"date":"2021-05-05T16:00:00","date_gmt":"2021-05-05T15:00:00","guid":{"rendered":"http:\/\/www.tucomarca.com\/wordpress\/segunda\/?p=132332"},"modified":"2021-05-06T10:34:21","modified_gmt":"2021-05-06T09:34:21","slug":"la-diputacio-invierte-1-400-000-euros-en-la-mejora-de-caminos-de-la-serrania-y-el-rincon-de-ademuz","status":"publish","type":"post","link":"https:\/\/www.tucomarca.com\/wordpress\/segunda\/la-diputacio-invierte-1-400-000-euros-en-la-mejora-de-caminos-de-la-serrania-y-el-rincon-de-ademuz\/","title":{"rendered":"La Diputaci\u00f3 invierte 1.400.000 euros en la mejora de caminos de La Serran\u00eda y El Rinc\u00f3n de Ademuz"},"content":{"rendered":"\n<h4 class=\"wp-block-heading\"><strong>El \u00e1rea de Infraestructuras y Carreteras que dirige Rafa Garc\u00eda licita las obras de acondicionamiento del camino de Ah\u00edllas a La Yesa y del acceso a Sesga desde la aldea de El Val de la Sabina en Ademuz<\/strong><\/h4>\n\n\n\n<h4 class=\"wp-block-heading\"><strong>Las actuaciones se enmarcan en la primera fase del Plan de Mejora de Caminos de Inter\u00e9s Territorial y tienen un plazo de ejecuci\u00f3n de seis meses<\/strong><\/h4>\n\n\n\n<p>La Diputaci\u00f3 de Val\u00e8ncia ha publicado la licitaci\u00f3n de las obras de acondicionamiento y mejora del camino de Ah\u00edllas a La Yesa, en La Serran\u00eda, y del camino de acceso a la aldea de Sesga desde El Val de la Sabina, ambas aldeas de Ademuz. Estas actuaciones han sido proyectadas por el \u00e1rea de Infraestructuras y Carreteras que dirige Rafa Garc\u00eda y cuentan con un presupuesto global de 1.399.644 euros.<\/p>\n\n\n\n<p>Con un plazo de ejecuci\u00f3n de seis meses, la adecuaci\u00f3n de estas v\u00edas rurales que ejercen \u201cun papel vertebrador entre n\u00facleos poblacionales de las distintas comarcas valencianas\u201d, seg\u00fan indica el propio Rafa Garc\u00eda, se enmarca en el Plan de Mejora de Caminos de Inter\u00e9s Territorial puesto en marcha por el \u00e1rea provincial de Carreteras, que pretende acondicionar y reforzar la seguridad de estos caminos que \u201cse caracterizan por tener una importancia que trasciende la del municipio o municipios en los que se encuentran, complementando la red local de carreteras\u201d.<\/p>\n\n\n\n<p>Las actuaciones en La Serran\u00eda y El Rinc\u00f3n de Ademuz \u201cson adem\u00e1s muy importantes al tratarse de zonas afectadas por la despoblaci\u00f3n y en las que las distintas administraciones deben actuar para ofrecer las mejores condiciones de habitabilidad, como en este caso hacemos con la mejora de las comunicaciones y de una red viaria que es fundamental para desplazarse por estas comarcas\u201d, explica el titular de Carreteras.<\/p>\n\n\n\n<p>En el caso del camino que conecta Ah\u00edllas, una de las pedan\u00edas de Chelva a la que se accede por la carretera CV-346 que asciende hasta el Pico del Remedio, con el municipio de La Yesa, la obra se licita por un importe cercano a los 700.000 euros y un plazo de ejecuci\u00f3n de medio a\u00f1o.<\/p>\n\n\n\n<p>El mismo presupuesto de licitaci\u00f3n tiene la actuaci\u00f3n para la mejora del camino de acceso a la aldea de Sesga, en el Rinc\u00f3n de Ademuz.<\/p>\n","protected":false},"excerpt":{"rendered":"<div class=\"mh-excerpt\">El \u00e1rea de Infraestructuras y Carreteras que dirige Rafa Garc\u00eda licita las obras de acondicionamiento del camino de Ah\u00edllas a La Yesa y del acceso a Sesga desde la aldea de El Val de la <a class=\"mh-excerpt-more\" href=\"https:\/\/www.tucomarca.com\/wordpress\/segunda\/la-diputacio-invierte-1-400-000-euros-en-la-mejora-de-caminos-de-la-serrania-y-el-rincon-de-ademuz\/\" title=\"La Diputaci\u00f3 invierte 1.400.000 euros en la mejora de caminos de La Serran\u00eda y El Rinc\u00f3n de Ademuz\">[+] <\/a><\/div>\n","protected":false},"author":1,"featured_media":132333,"comment_status":"open","ping_status":"open","sticky":false,"template":"","format":"standard","meta":{"footnotes":""},"categories":[49,188,128,8,72,59,142,3,45],"tags":[10397,3677],"class_list":{"0":"post-132332","1":"post","2":"type-post","3":"status-publish","4":"format-standard","5":"has-post-thumbnail","7":"category-ademuz","8":"category-chelva","9":"category-infraestructuras","10":"category-la-comarca","11":"category-sin-categorizar","12":"category-los-serranos","13":"category-politica-la-comarca","14":"category-seccion","15":"category-ventana","16":"tag-ademuz","17":"tag-diputacio-de-valencia"},"_links":{"self":[{"href":"https:\/\/www.tucomarca.com\/wordpress\/segunda\/wp-json\/wp\/v2\/posts\/132332","targetHints":{"allow":["GET"]}}],"collection":[{"href":"https:\/\/www.tucomarca.com\/wordpress\/segunda\/wp-json\/wp\/v2\/posts"}],"about":[{"href":"https:\/\/www.tucomarca.com\/wordpress\/segunda\/wp-json\/wp\/v2\/types\/post"}],"author":[{"embeddable":true,"href":"https:\/\/www.tucomarca.com\/wordpress\/segunda\/wp-json\/wp\/v2\/users\/1"}],"replies":[{"embeddable":true,"href":"https:\/\/www.tucomarca.com\/wordpress\/segunda\/wp-json\/wp\/v2\/comments?post=132332"}],"version-history":[{"count":0,"href":"https:\/\/www.tucomarca.com\/wordpress\/segunda\/wp-json\/wp\/v2\/posts\/132332\/revisions"}],"wp:featuredmedia":[{"embeddable":true,"href":"https:\/\/www.tucomarca.com\/wordpress\/segunda\/wp-json\/wp\/v2\/media\/132333"}],"wp:attachment":[{"href":"https:\/\/www.tucomarca.com\/wordpress\/segunda\/wp-json\/wp\/v2\/media?parent=132332"}],"wp:term":[{"taxonomy":"category","embeddable":true,"href":"https:\/\/www.tucomarca.com\/wordpress\/segunda\/wp-json\/wp\/v2\/categories?post=132332"},{"taxonomy":"post_tag","embeddable":true,"href":"https:\/\/www.tucomarca.com\/wordpress\/segunda\/wp-json\/wp\/v2\/tags?post=132332"}],"curies":[{"name":"wp","href":"https:\/\/api.w.org\/{rel}","templated":true}]}}