{"id":132344,"date":"2021-05-05T12:30:00","date_gmt":"2021-05-05T11:30:00","guid":{"rendered":"http:\/\/www.tucomarca.com\/wordpress\/segunda\/?p=132344"},"modified":"2021-05-06T10:41:52","modified_gmt":"2021-05-06T09:41:52","slug":"la-guardia-civil-detiene-en-requena-a-una-persona-reclamada-por-las-autoridades-judiciales-polacas","status":"publish","type":"post","link":"https:\/\/www.tucomarca.com\/wordpress\/segunda\/la-guardia-civil-detiene-en-requena-a-una-persona-reclamada-por-las-autoridades-judiciales-polacas\/","title":{"rendered":"La Guardia Civil detiene en Requena a una persona reclamada por las autoridades judiciales polacas"},"content":{"rendered":"\n<h4 class=\"wp-block-heading\"><strong>La Guardia Civil de la localidad ha detenido a un var\u00f3n de 37 a\u00f1os y nacionalidad polaca reclamado por m\u00e1s de 30 delitos de robo con violencia e intimidaci\u00f3n&nbsp;<\/strong><\/h4>\n\n\n\n<p>El Equipo de Polic\u00eda Judicial de la Guardia Civil de Requena&nbsp; ha procedido a la detenci\u00f3n de un var\u00f3n en la localidad valenciana de Requena, sobre el que pesaba una Orden Europea de Detenci\u00f3n y Entrega emitida por las autoridades judiciales polacas.<\/p>\n\n\n\n<p>Tras recibir un aviso de la Oficina Sirene de Madrid, se informa del posible paradero del sujeto requerido por las autoridades polacas en el municipio de Requena. Los agentes localizaron a la familia del sujeto, y consultada la base de datos, se identific\u00f3 al sujeto mediante reconocimiento fotogr\u00e1fico y la comprobaci\u00f3n de su permiso de conducir.&nbsp;<\/p>\n\n\n\n<p>Fruto de las investigaciones y gestiones realizadas por los agentes, el pasado d\u00eda 8 de abril se procede a la detenci\u00f3n de este var\u00f3n de 37 a\u00f1os y nacionalidad polaca, para presentarlo ante la autoridad judicial.<\/p>\n\n\n\n<p>Las diligencias han sido entregadas en el Juzgado Central de Instrucci\u00f3n&nbsp; n\u00ba 2 de Madrid.<\/p>\n","protected":false},"excerpt":{"rendered":"<div class=\"mh-excerpt\">La Guardia Civil de la localidad ha detenido a un var\u00f3n de 37 a\u00f1os y nacionalidad polaca reclamado por m\u00e1s de 30 delitos de robo con violencia e intimidaci\u00f3n&nbsp; El Equipo de Polic\u00eda Judicial de <a class=\"mh-excerpt-more\" href=\"https:\/\/www.tucomarca.com\/wordpress\/segunda\/la-guardia-civil-detiene-en-requena-a-una-persona-reclamada-por-las-autoridades-judiciales-polacas\/\" title=\"La Guardia Civil detiene en Requena a una persona reclamada por las autoridades judiciales polacas\">[+] <\/a><\/div>\n","protected":false},"author":1,"featured_media":62494,"comment_status":"open","ping_status":"open","sticky":false,"template":"","format":"standard","meta":{"footnotes":""},"categories":[8,72,28,27,3,116],"tags":[1098,10387,33],"class_list":{"0":"post-132344","1":"post","2":"type-post","3":"status-publish","4":"format-standard","5":"has-post-thumbnail","7":"category-la-comarca","8":"category-sin-categorizar","9":"category-requena","10":"category-requena-utiel","11":"category-seccion","12":"category-sucesos-la-comarca","13":"tag-guardia-civil","14":"tag-requena-utiel","15":"tag-sucesos"},"_links":{"self":[{"href":"https:\/\/www.tucomarca.com\/wordpress\/segunda\/wp-json\/wp\/v2\/posts\/132344","targetHints":{"allow":["GET"]}}],"collection":[{"href":"https:\/\/www.tucomarca.com\/wordpress\/segunda\/wp-json\/wp\/v2\/posts"}],"about":[{"href":"https:\/\/www.tucomarca.com\/wordpress\/segunda\/wp-json\/wp\/v2\/types\/post"}],"author":[{"embeddable":true,"href":"https:\/\/www.tucomarca.com\/wordpress\/segunda\/wp-json\/wp\/v2\/users\/1"}],"replies":[{"embeddable":true,"href":"https:\/\/www.tucomarca.com\/wordpress\/segunda\/wp-json\/wp\/v2\/comments?post=132344"}],"version-history":[{"count":0,"href":"https:\/\/www.tucomarca.com\/wordpress\/segunda\/wp-json\/wp\/v2\/posts\/132344\/revisions"}],"wp:featuredmedia":[{"embeddable":true,"href":"https:\/\/www.tucomarca.com\/wordpress\/segunda\/wp-json\/wp\/v2\/media\/62494"}],"wp:attachment":[{"href":"https:\/\/www.tucomarca.com\/wordpress\/segunda\/wp-json\/wp\/v2\/media?parent=132344"}],"wp:term":[{"taxonomy":"category","embeddable":true,"href":"https:\/\/www.tucomarca.com\/wordpress\/segunda\/wp-json\/wp\/v2\/categories?post=132344"},{"taxonomy":"post_tag","embeddable":true,"href":"https:\/\/www.tucomarca.com\/wordpress\/segunda\/wp-json\/wp\/v2\/tags?post=132344"}],"curies":[{"name":"wp","href":"https:\/\/api.w.org\/{rel}","templated":true}]}}