{"id":132349,"date":"2021-05-06T09:05:00","date_gmt":"2021-05-06T08:05:00","guid":{"rendered":"http:\/\/www.tucomarca.com\/wordpress\/segunda\/?p=132349"},"modified":"2021-05-06T10:49:52","modified_gmt":"2021-05-06T09:49:52","slug":"los-actos-del-dia-del-libro-continuan-en-godelleta-con-una-charla-sobre-relaciones-de-pareja","status":"publish","type":"post","link":"https:\/\/www.tucomarca.com\/wordpress\/segunda\/los-actos-del-dia-del-libro-continuan-en-godelleta-con-una-charla-sobre-relaciones-de-pareja\/","title":{"rendered":"Los actos del D\u00eda del libro contin\u00faan en Godelleta con una charla sobre relaciones de pareja"},"content":{"rendered":"\n<p>Este viernes se desarrolla en Godelleta dentro de los actos del D\u00eda del Libro 2021, una charla de sensibilizaci\u00f3n sobre la representaci\u00f3n de las relaciones de pareja en las series y pel\u00edculas de las plataformas m\u00e1s actuales: \u2018Netflix y los mitos del amor rom\u00e1ntico\u2019 a cargo de la Asociaci\u00f3n Prosa El\u00e1stica.<\/p>\n\n\n\n<p>\u00abEsta dirigido a j\u00f3venes de entre 12 a 18 a\u00f1os pero seguro que todos aprendemos algo nuevo para ver esta plataformas con otra perspectiva\u00bb, tal como han informado fuentes municipales.<\/p>\n","protected":false},"excerpt":{"rendered":"<div class=\"mh-excerpt\">Este viernes se desarrolla en Godelleta dentro de los actos del D\u00eda del Libro 2021, una charla de sensibilizaci\u00f3n sobre la representaci\u00f3n de las relaciones de pareja en las series y pel\u00edculas de las plataformas <a class=\"mh-excerpt-more\" href=\"https:\/\/www.tucomarca.com\/wordpress\/segunda\/los-actos-del-dia-del-libro-continuan-en-godelleta-con-una-charla-sobre-relaciones-de-pareja\/\" title=\"Los actos del D\u00eda del libro contin\u00faan en Godelleta con una charla sobre relaciones de pareja\">[+] <\/a><\/div>\n","protected":false},"author":1,"featured_media":132350,"comment_status":"open","ping_status":"open","sticky":false,"template":"","format":"standard","meta":{"footnotes":""},"categories":[4,14,8,10,7,3],"tags":[869,10383,5952],"class_list":{"0":"post-132349","1":"post","2":"type-post","3":"status-publish","4":"format-standard","5":"has-post-thumbnail","7":"category-agenda","8":"category-godelleta","9":"category-la-comarca","10":"category-la-hoya","11":"category-ocio-y-cultura","12":"category-seccion","13":"tag-dia-del-libro","14":"tag-godelleta","15":"tag-la-hoya-de-bunol-chiva"},"_links":{"self":[{"href":"https:\/\/www.tucomarca.com\/wordpress\/segunda\/wp-json\/wp\/v2\/posts\/132349","targetHints":{"allow":["GET"]}}],"collection":[{"href":"https:\/\/www.tucomarca.com\/wordpress\/segunda\/wp-json\/wp\/v2\/posts"}],"about":[{"href":"https:\/\/www.tucomarca.com\/wordpress\/segunda\/wp-json\/wp\/v2\/types\/post"}],"author":[{"embeddable":true,"href":"https:\/\/www.tucomarca.com\/wordpress\/segunda\/wp-json\/wp\/v2\/users\/1"}],"replies":[{"embeddable":true,"href":"https:\/\/www.tucomarca.com\/wordpress\/segunda\/wp-json\/wp\/v2\/comments?post=132349"}],"version-history":[{"count":0,"href":"https:\/\/www.tucomarca.com\/wordpress\/segunda\/wp-json\/wp\/v2\/posts\/132349\/revisions"}],"wp:featuredmedia":[{"embeddable":true,"href":"https:\/\/www.tucomarca.com\/wordpress\/segunda\/wp-json\/wp\/v2\/media\/132350"}],"wp:attachment":[{"href":"https:\/\/www.tucomarca.com\/wordpress\/segunda\/wp-json\/wp\/v2\/media?parent=132349"}],"wp:term":[{"taxonomy":"category","embeddable":true,"href":"https:\/\/www.tucomarca.com\/wordpress\/segunda\/wp-json\/wp\/v2\/categories?post=132349"},{"taxonomy":"post_tag","embeddable":true,"href":"https:\/\/www.tucomarca.com\/wordpress\/segunda\/wp-json\/wp\/v2\/tags?post=132349"}],"curies":[{"name":"wp","href":"https:\/\/api.w.org\/{rel}","templated":true}]}}