{"id":132375,"date":"2021-05-06T10:19:00","date_gmt":"2021-05-06T09:19:00","guid":{"rendered":"http:\/\/www.tucomarca.com\/wordpress\/segunda\/?p=132375"},"modified":"2021-05-06T19:23:57","modified_gmt":"2021-05-06T18:23:57","slug":"el-ayuntamiento-de-leliana-vuelve-a-convocar-las-becas-de-transporte-para-estudiantes","status":"publish","type":"post","link":"https:\/\/www.tucomarca.com\/wordpress\/segunda\/el-ayuntamiento-de-leliana-vuelve-a-convocar-las-becas-de-transporte-para-estudiantes\/","title":{"rendered":"El Ayuntamiento de L&#8217;Eliana vuelve a convocar las becas de transporte para estudiantes"},"content":{"rendered":"\n<h4 class=\"wp-block-heading\"><strong>Las solicitudes podr\u00e1n presentarse del 1 al 30 de junio y contemplan una ayuda de hasta 150 euros.\u00a0<\/strong><\/h4>\n\n\n\n<p>El Ayuntamiento de l\u2019Eliana ha publicado las bases para la concesi\u00f3n de las ayudas al transporte del curso 2020\/2021 dirigidas a estudiantes elianeros en el que invertir\u00e1 un total de 6.000 euros. Las ayudas son de un importe m\u00e1ximo de 150 euros por alumno solicitante y tienen como objetivo cubrir parte de los gastos de tren, metro o autob\u00fas.&nbsp;<\/p>\n\n\n\n<p>La convocatoria, como cada a\u00f1o, est\u00e1 dirigida a j\u00f3venes estudiantes empadronados en el municipio que cursen estudios oficiales en todo tipo de centros p\u00fablicos, concertados y privados de Educaci\u00f3n Secundaria, Bachillerato, Formaci\u00f3n Profesional, estudios universitarios de grado, Formaci\u00f3n Profesional B\u00e1sica, Programas formativos de cualificaci\u00f3n B\u00e1sica, Ense\u00f1anzas Art\u00edsticas Superiores o Ense\u00f1anzas Deportivas fuera del municipio, para promover el uso del transporte p\u00fablico colectivo.<\/p>\n\n\n\n<p>Para solicitar la subvenci\u00f3n es necesario estar empadronado en l\u2019Eliana y no superar los 30 a\u00f1os de edad. El disfrute de esta ayuda ser\u00e1 compatible con otras financiadas con fondos p\u00fablicos para la misma finalidad, siempre que la suma de todas ellas no supere el coste de la actividad subvencionada.&nbsp;<\/p>\n\n\n\n<p>Las personas interesadas en participar en este programa pueden consultar la documentaci\u00f3n necesaria que deber\u00e1n presentar, del 1 al 30 de junio, en el Centro Sociocultural o a trav\u00e9s de la <a href=\"https:\/\/leliana.sedipualba.es\/\">Sede Electr\u00f3nica<\/a>. Asimismo, la bases de la convocatoria, as\u00ed como los anexos a cumplimentar la solicitud estar\u00e1n disponibles en la <a href=\"http:\/\/www.leliana.es.\/es\/page\/ejercicio-2021\">web<\/a> del Ayuntamiento a partir de la apertura del plazo.<\/p>\n\n\n\n<p>Como en ediciones anteriores, para poder percibir las ayudas los y las j\u00f3venes estudiantes deber\u00e1n presentar los justificantes de la compra de bonos, t\u00edtulos de transporte o billetes del curso acad\u00e9mico 2020\/2021.<\/p>\n\n\n\n<p>La edil de Educaci\u00f3n, Eva Santaf\u00e9, ha resaltado la importancia de estas subvenciones que buscan fomentar la igualdad de oportunidades entre los j\u00f3venes que, para realizar sus estudios han de desplazarse fuera de l\u2019Eliana. \u201c<em>Esta convocatoria se une a otras como las ayudas al alquiler joven, a la escolarizaci\u00f3n de menores de 0 a 3 a\u00f1os o a las becas para el estudio de m\u00fasica y danza que est\u00e1n destinadas a amplios sectores de la poblaci\u00f3n y con los que el Consistorio quiere reducir la presi\u00f3n econ\u00f3mica de las familias para construir una mejor sociedad<\/em>\u201d, ha explicado.<\/p>\n","protected":false},"excerpt":{"rendered":"<div class=\"mh-excerpt\">Las solicitudes podr\u00e1n presentarse del 1 al 30 de junio y contemplan una ayuda de hasta 150 euros.\u00a0 El Ayuntamiento de l\u2019Eliana ha publicado las bases para la concesi\u00f3n de las ayudas al transporte del <a class=\"mh-excerpt-more\" href=\"https:\/\/www.tucomarca.com\/wordpress\/segunda\/el-ayuntamiento-de-leliana-vuelve-a-convocar-las-becas-de-transporte-para-estudiantes\/\" title=\"El Ayuntamiento de L&#8217;Eliana vuelve a convocar las becas de transporte para estudiantes\">[+] <\/a><\/div>\n","protected":false},"author":1,"featured_media":120012,"comment_status":"open","ping_status":"open","sticky":false,"template":"","format":"standard","meta":{"footnotes":""},"categories":[46,128,177,8,142,3],"tags":[10395,10433],"class_list":{"0":"post-132375","1":"post","2":"type-post","3":"status-publish","4":"format-standard","5":"has-post-thumbnail","7":"category-camp-de-turia","8":"category-infraestructuras","9":"category-leliana","10":"category-la-comarca","11":"category-politica-la-comarca","12":"category-seccion","13":"tag-camp-de-turia","14":"tag-leliana"},"_links":{"self":[{"href":"https:\/\/www.tucomarca.com\/wordpress\/segunda\/wp-json\/wp\/v2\/posts\/132375","targetHints":{"allow":["GET"]}}],"collection":[{"href":"https:\/\/www.tucomarca.com\/wordpress\/segunda\/wp-json\/wp\/v2\/posts"}],"about":[{"href":"https:\/\/www.tucomarca.com\/wordpress\/segunda\/wp-json\/wp\/v2\/types\/post"}],"author":[{"embeddable":true,"href":"https:\/\/www.tucomarca.com\/wordpress\/segunda\/wp-json\/wp\/v2\/users\/1"}],"replies":[{"embeddable":true,"href":"https:\/\/www.tucomarca.com\/wordpress\/segunda\/wp-json\/wp\/v2\/comments?post=132375"}],"version-history":[{"count":0,"href":"https:\/\/www.tucomarca.com\/wordpress\/segunda\/wp-json\/wp\/v2\/posts\/132375\/revisions"}],"wp:featuredmedia":[{"embeddable":true,"href":"https:\/\/www.tucomarca.com\/wordpress\/segunda\/wp-json\/wp\/v2\/media\/120012"}],"wp:attachment":[{"href":"https:\/\/www.tucomarca.com\/wordpress\/segunda\/wp-json\/wp\/v2\/media?parent=132375"}],"wp:term":[{"taxonomy":"category","embeddable":true,"href":"https:\/\/www.tucomarca.com\/wordpress\/segunda\/wp-json\/wp\/v2\/categories?post=132375"},{"taxonomy":"post_tag","embeddable":true,"href":"https:\/\/www.tucomarca.com\/wordpress\/segunda\/wp-json\/wp\/v2\/tags?post=132375"}],"curies":[{"name":"wp","href":"https:\/\/api.w.org\/{rel}","templated":true}]}}