{"id":132457,"date":"2021-05-07T20:00:00","date_gmt":"2021-05-07T19:00:00","guid":{"rendered":"http:\/\/www.tucomarca.com\/wordpress\/segunda\/?p=132457"},"modified":"2021-05-08T09:32:24","modified_gmt":"2021-05-08T08:32:24","slug":"la-actriz-valenciana-lola-molto-amadrina-la-primera-sesion-del-ciclo-vivir-de-cine-de-bunol","status":"publish","type":"post","link":"https:\/\/www.tucomarca.com\/wordpress\/segunda\/la-actriz-valenciana-lola-molto-amadrina-la-primera-sesion-del-ciclo-vivir-de-cine-de-bunol\/","title":{"rendered":"La actriz valenciana Lola Molt\u00f3 amadrina la primera sesi\u00f3n del ciclo Vivir de Cine de Bu\u00f1ol"},"content":{"rendered":"\n<p>La primera sesi\u00f3n del ciclo Vivir de Cine de Bu\u00f1ol, que se ha celebrado en la tarde de este pasado jueves,  ha contado con la presencia de la actriz valenciana, Lola Molt\u00f3, la entra\u00f1able Dora en la serie de la televisi\u00f3n auton\u00f3mica \u00abL&#8217;Alquer\u00eda Blanca\u00bb, quien ha tenido unas bonitas palabras para Bu\u00f1ol y para este ciclo, en el que ya ha colaborado en alguna otra ocasi\u00f3n. Han asistido al acto la alcaldesa de Bu\u00f1ol, Juncal Carrascosa, y el concejal de Cultura, Juan Luis Pall\u00e1s.<\/p>\n\n\n\n<p>El arranque de este arraigado festival se ha realizado en el Teatro Montecarlo con la pel\u00edcula con 8 nomunaciones y 2 Goyas, de la directora espa\u00f1ola, Ic\u00edar Bolla\u00edn, La Boda de Rosa. <\/p>\n\n\n\n<p>A la Boda de Rosa, le seguir\u00e1 la pel\u00edcula \u00abOtra ronda\u00bb, dirigida por Thomas Vinterberg, a partir de un gui\u00f3n de Vinterberg y Tobias Lindholm y protagonizada por Mads Mikkelsen, Thomas Bo Larsen, Magnus Millang y Lars Ranthe.<\/p>\n\n\n\n<p>Esta pel\u00edcula danesa narra las vivencias de cuatro profesores de instituto que se embarcan en un experimento sociol\u00f3gico en el que cada uno de ellos deber\u00e1 mantener la tasa de alcohol en su cuerpo al mismo nivel, durante su vida diaria, intentando demostrar de esa manera que pueden mejorar en todos los aspectos de su vida.<\/p>\n\n\n\n<p id=\"m126-125-127\">\u00abEl gui\u00f3n es maravillosamente imprevisible, tan err\u00e1tico como las decisiones de un borracho. Oscila entre tonos y g\u00e9neros \u2014de la comedia pura, incluido el&nbsp;<em>slapstick<\/em>, al drama m\u00e1s tremebundo\u2014 pero sin seguir ninguno de los esquemas cl\u00e1sicos de la ficci\u00f3n sino m\u00e1s bien los de las melopeas y las peores resacas del d\u00eda siguiente\u00bb.<\/p>\n\n\n\n<p id=\"m126-125-127\">\u00abPuede verse como la entretenida y rocambolesca aventura de cuatro amigotes aunque no escatima en presentar las inevitables consecuencias del alcoholismo, brinda un final tan inesperado como cinematogr\u00e1ficamente excitante.&nbsp;Vinterberg quiere hacernos celebrar la vida \u2014y la amistad\u2014 y con ese inspirado final tan cercano a la muerte consigue que lo hagamos como en las mejores borracheras. Pero esta, adem\u00e1s, no deja resaca\u00bb seg\u00fan Andrea G. Bermejo, de Cineman\u00eda.<\/p>\n","protected":false},"excerpt":{"rendered":"<div class=\"mh-excerpt\">La primera sesi\u00f3n del ciclo Vivir de Cine de Bu\u00f1ol, que se ha celebrado en la tarde de este pasado jueves, ha contado con la presencia de la actriz valenciana, Lola Molt\u00f3, la entra\u00f1able Dora <a class=\"mh-excerpt-more\" href=\"https:\/\/www.tucomarca.com\/wordpress\/segunda\/la-actriz-valenciana-lola-molto-amadrina-la-primera-sesion-del-ciclo-vivir-de-cine-de-bunol\/\" title=\"La actriz valenciana Lola Molt\u00f3 amadrina la primera sesi\u00f3n del ciclo Vivir de Cine de Bu\u00f1ol\">[+] <\/a><\/div>\n","protected":false},"author":12,"featured_media":132462,"comment_status":"open","ping_status":"open","sticky":false,"template":"","format":"standard","meta":{"footnotes":""},"categories":[18,8,10,7,3],"tags":[10385,5952,14541,10284],"class_list":{"0":"post-132457","1":"post","2":"type-post","3":"status-publish","4":"format-standard","5":"has-post-thumbnail","7":"category-bunol","8":"category-la-comarca","9":"category-la-hoya","10":"category-ocio-y-cultura","11":"category-seccion","12":"tag-bunol","13":"tag-la-hoya-de-bunol-chiva","14":"tag-lola-molto","15":"tag-vivir-de-cine"},"_links":{"self":[{"href":"https:\/\/www.tucomarca.com\/wordpress\/segunda\/wp-json\/wp\/v2\/posts\/132457","targetHints":{"allow":["GET"]}}],"collection":[{"href":"https:\/\/www.tucomarca.com\/wordpress\/segunda\/wp-json\/wp\/v2\/posts"}],"about":[{"href":"https:\/\/www.tucomarca.com\/wordpress\/segunda\/wp-json\/wp\/v2\/types\/post"}],"author":[{"embeddable":true,"href":"https:\/\/www.tucomarca.com\/wordpress\/segunda\/wp-json\/wp\/v2\/users\/12"}],"replies":[{"embeddable":true,"href":"https:\/\/www.tucomarca.com\/wordpress\/segunda\/wp-json\/wp\/v2\/comments?post=132457"}],"version-history":[{"count":0,"href":"https:\/\/www.tucomarca.com\/wordpress\/segunda\/wp-json\/wp\/v2\/posts\/132457\/revisions"}],"wp:featuredmedia":[{"embeddable":true,"href":"https:\/\/www.tucomarca.com\/wordpress\/segunda\/wp-json\/wp\/v2\/media\/132462"}],"wp:attachment":[{"href":"https:\/\/www.tucomarca.com\/wordpress\/segunda\/wp-json\/wp\/v2\/media?parent=132457"}],"wp:term":[{"taxonomy":"category","embeddable":true,"href":"https:\/\/www.tucomarca.com\/wordpress\/segunda\/wp-json\/wp\/v2\/categories?post=132457"},{"taxonomy":"post_tag","embeddable":true,"href":"https:\/\/www.tucomarca.com\/wordpress\/segunda\/wp-json\/wp\/v2\/tags?post=132457"}],"curies":[{"name":"wp","href":"https:\/\/api.w.org\/{rel}","templated":true}]}}