{"id":132484,"date":"2021-05-10T09:00:00","date_gmt":"2021-05-10T08:00:00","guid":{"rendered":"http:\/\/www.tucomarca.com\/wordpress\/segunda\/?p=132484"},"modified":"2021-05-10T11:58:48","modified_gmt":"2021-05-10T10:58:48","slug":"el-cd-bunol-vence-al-barrio-del-cristo-1-2-en-el-partido-mas-extrano-de-la-temporada","status":"publish","type":"post","link":"https:\/\/www.tucomarca.com\/wordpress\/segunda\/el-cd-bunol-vence-al-barrio-del-cristo-1-2-en-el-partido-mas-extrano-de-la-temporada\/","title":{"rendered":"El CD Bu\u00f1ol vence al Barrio del Cristo (1-2) en el partido m\u00e1s extra\u00f1o de la temporada"},"content":{"rendered":"\n<p>El Club Deportivo Bu\u00f1ol ha contado este pasado fin de semana para su victoria no s\u00f3lo con su esfuerzo y entrega en el partido que lo ha medido al Barrio del Cristo y en el que se impuso por 1 gol a 2, sino tambi\u00e9n con un factor muy importante: la suerte.<\/p>\n\n\n\n<p>Se adelantaron los blancos con un tanto de V\u00edctor en el minuto 26 y, posteriormente, recortaron distancias los locales por mediaci\u00f3n de Jos\u00e9 Asensi Vergara en el minuto 44. Aunque de nuevo fueron los blancos los que golpearon al transformar \u00d3scar Moreno en gol el penalti cometido por el Barrio del Cristo en el minuto 60.<\/p>\n\n\n\n<p>El veterano portero blanco Paco volvi\u00f3 a convertirse, otra vez, en el h\u00e9roe de la jornada con su parada en el \u00faltimo segundo del choque de un penalti. Por lo que no se  puede negar que la suerte del l\u00edder ha jugado a favor de los blancos, que siguen manteniendo su liderato a cada vez m\u00e1s distancia de sus m\u00e1s inmediatos seguidores. <\/p>\n\n\n\n<p>Al menos as\u00ed lo ha entendido el propio entrenador del Club Deportivo Bu\u00f1ol, Adri\u00e1n Ferrandis, para quien \u00abla mejor noticia ha sido sumar los 3 puntos que nos acercan cada vez m\u00e1s al objetivo que es jugar el play off de ascenso a Tercera Divisi\u00f3n\u00bb.<\/p>\n\n\n\n<p>Ya que el entrenador no ha restado importancia y no ha ocultado su \u00abtristeza por la imagen que desplegamos durante el partido, donde no nos parecimos en ning\u00fan momento ese equipo competitivo que acostumbramos a ser. Cometimos muchos errores individuales y otros cuantos colectivos que nos hac\u00edan no sentiremos c\u00f3modos y no poder desplegar el f\u00fatbol que nosotros solemos hacer. Fruto de la suerte del campe\u00f3n est\u00e1 la \u00faltima jugada en la que Paco par\u00f3 un penalti y el \u00e1rbitro pit\u00f3 el final del encuentro\u00bb.<\/p>\n\n\n\n<p>Adri\u00e1n Ferrandis ha remarcado que lo \u00abmejor ha sido la victoria y los 3 puntos\u00bb, y que queda \u00abuna semana menos para la finalizaci\u00f3n del campeonato, por lo que tenemos la posibilidad de seguir mejorando y de poder aprender de los errores cometidos desde la victoria\u00bb.<\/p>\n\n\n\n<p>Ya que con esta nueva victoria del CD Bu\u00f1ol \u00aben un campo dif\u00edcil contra un rival dif\u00edcil\u00bb, en palabras de Adri\u00e1n Ferrandis, los blancos se sit\u00faan con 49 puntos, seguidos por el CD Utiel con 38 puntos y por el San Marcelino con 37. Por lo que, a estas alturas del campeonato y a seis jornadas para su final, a los blancos les bastar\u00eda con sumar 8 puntos m\u00e1s para convertirse matem\u00e1ticamente en campeones de la temporada 2020-21 y poder jugar as\u00ed el deseado play off de ascenso a Tercera Divisi\u00f3n.<\/p>\n\n\n\n<p>El pr\u00f3ximo examen del CD Bu\u00f1ol lo pasar\u00e1 el equipo este domingo, cuando reciban en su feudo del Beltr\u00e1n Baguena la visita del Disc\u00f3bolo La Torre, conjunto al que los blancos ya se impusieron en su primer choque de la temporada y que actualmente es el farolillo rojo de la tabla del grupo tercero de la Regional Preferente Valenciana, ya que se encuentra situado en el \u00faltimo puesto con tan s\u00f3lo 14 puntos.  <\/p>\n","protected":false},"excerpt":{"rendered":"<div class=\"mh-excerpt\">El Club Deportivo Bu\u00f1ol ha contado este pasado fin de semana para su victoria no s\u00f3lo con su esfuerzo y entrega en el partido que lo ha medido al Barrio del Cristo y en el <a class=\"mh-excerpt-more\" href=\"https:\/\/www.tucomarca.com\/wordpress\/segunda\/el-cd-bunol-vence-al-barrio-del-cristo-1-2-en-el-partido-mas-extrano-de-la-temporada\/\" title=\"El CD Bu\u00f1ol vence al Barrio del Cristo (1-2) en el partido m\u00e1s extra\u00f1o de la temporada\">[+] <\/a><\/div>\n","protected":false},"author":1,"featured_media":132498,"comment_status":"open","ping_status":"open","sticky":false,"template":"","format":"standard","meta":{"footnotes":""},"categories":[18,50,6,10,3],"tags":[537,10379,10661,5952],"class_list":{"0":"post-132484","1":"post","2":"type-post","3":"status-publish","4":"format-standard","5":"has-post-thumbnail","7":"category-bunol","8":"category-futbol-deportes","9":"category-deportes","10":"category-la-hoya","11":"category-seccion","12":"tag-cd-bunol","13":"tag-deportes","14":"tag-esports","15":"tag-la-hoya-de-bunol-chiva"},"_links":{"self":[{"href":"https:\/\/www.tucomarca.com\/wordpress\/segunda\/wp-json\/wp\/v2\/posts\/132484","targetHints":{"allow":["GET"]}}],"collection":[{"href":"https:\/\/www.tucomarca.com\/wordpress\/segunda\/wp-json\/wp\/v2\/posts"}],"about":[{"href":"https:\/\/www.tucomarca.com\/wordpress\/segunda\/wp-json\/wp\/v2\/types\/post"}],"author":[{"embeddable":true,"href":"https:\/\/www.tucomarca.com\/wordpress\/segunda\/wp-json\/wp\/v2\/users\/1"}],"replies":[{"embeddable":true,"href":"https:\/\/www.tucomarca.com\/wordpress\/segunda\/wp-json\/wp\/v2\/comments?post=132484"}],"version-history":[{"count":0,"href":"https:\/\/www.tucomarca.com\/wordpress\/segunda\/wp-json\/wp\/v2\/posts\/132484\/revisions"}],"wp:featuredmedia":[{"embeddable":true,"href":"https:\/\/www.tucomarca.com\/wordpress\/segunda\/wp-json\/wp\/v2\/media\/132498"}],"wp:attachment":[{"href":"https:\/\/www.tucomarca.com\/wordpress\/segunda\/wp-json\/wp\/v2\/media?parent=132484"}],"wp:term":[{"taxonomy":"category","embeddable":true,"href":"https:\/\/www.tucomarca.com\/wordpress\/segunda\/wp-json\/wp\/v2\/categories?post=132484"},{"taxonomy":"post_tag","embeddable":true,"href":"https:\/\/www.tucomarca.com\/wordpress\/segunda\/wp-json\/wp\/v2\/tags?post=132484"}],"curies":[{"name":"wp","href":"https:\/\/api.w.org\/{rel}","templated":true}]}}