{"id":132938,"date":"2021-05-14T07:00:00","date_gmt":"2021-05-14T06:00:00","guid":{"rendered":"http:\/\/www.tucomarca.com\/wordpress\/segunda\/?p=132938"},"modified":"2021-05-14T19:18:53","modified_gmt":"2021-05-14T18:18:53","slug":"el-ayuntamiento-de-bunol-recoge-en-su-bim-el-ano-de-gobierno-durante-la-pandemia","status":"publish","type":"post","link":"https:\/\/www.tucomarca.com\/wordpress\/segunda\/el-ayuntamiento-de-bunol-recoge-en-su-bim-el-ano-de-gobierno-durante-la-pandemia\/","title":{"rendered":"El Ayuntamiento de Bu\u00f1ol recoge en el \u00faltimo BIM su gobierno durante la pandemia"},"content":{"rendered":"\n<h4 class=\"wp-block-heading\">El documento recoge los dos a\u00f1os de legislatura que lleva el actual gobierno de la localidad formado por PSOE, EU y Podemos<\/h4>\n\n\n\n<p>El Ayuntamiento de Bu\u00f1ol saca esta semana a la calle su tradicional Bolet\u00edn de Informaci\u00f3n Municipal. Este documento \u2014que llegar\u00e1 a la casa de todas las vecinas y vecinos estos d\u00edas\u2014 recoge en sus 40 p\u00e1ginas, los dos a\u00f1os de legislatura del ejecutivo bu\u00f1olense, formado por PSOE, Esquerra Unida y Podemos. Sobre todo, se centra en este \u00faltimo a\u00f1o en el que la pandemia de COVID-19 ha marcado la agenda pol\u00edtica y social.<\/p>\n\n\n\n<p>\u00abA lo largo de ese texto, se puede comprobar como todas las concejal\u00edas han dedicado sus esfuerzos a paliar las consecuencias, sobre todo, econ\u00f3micas derivadas de la pandemia. La intenci\u00f3n del Gobierno bu\u00f1olense ha sido que ning\u00fan vecino y vecina se quede atr\u00e1s en una crisis que nos ha golpeado a todos. Desde todas las concejal\u00edas se han destinado partidas espec\u00edficas para ayudar a los sectores m\u00e1s vulnerables de la poblaci\u00f3n. Eso unido a las ayudas estatales y auton\u00f3micas, han contribuido a intentar aliviar la situaci\u00f3n de vecinos y empresarios del municipio\u00bb, seg\u00fan fuentes municipales.<\/p>\n\n\n\n<p>\u00abY en la tarea de intentar ayudar en todo lo posible a las vecinas y vecinos de Bu\u00f1ol, el Ayuntamiento no ha estado solo. Las numerosas asociaciones y entidades de la localidad han aportado su granito de arena. Estas, unidas a un nutrido grupo de voluntarios, han echado una mano a la hora intentando paliar con sus acciones las consecuencias de la pandemia. Ya sea prestando su ayuda desinteresada, elaborando mascarillas o pantallas de protecci\u00f3n, donando comida, ropa, material sanitario a los distintos centros de salud del municipio, limpiando las calles, llevando a gente a los hospitales etc. En este BIM, queda reflejado que el tejido asociativo de Bu\u00f1ol tambi\u00e9n ha sido clave para superar una situaci\u00f3n muy complicada\u00bb, a\u00f1aden desde el Ayuntamiento.<\/p>\n\n\n\n<p>\u00abTambi\u00e9n hay que destacar, que este Bolet\u00edn de Informaci\u00f3n Municipal, no solo est\u00e1 centrado en la acci\u00f3n de Gobierno durante la pandemia, sino que se remonta mucho m\u00e1s atr\u00e1s, es decir, hasta junio de 2019, que es cuando comenz\u00f3 la legislatura. Recoge todos los proyectos que se han ido desarrollando en las diferentes \u00e1reas de Gobierno del consistorio bu\u00f1olense\u00bb.<\/p>\n\n\n\n<p>Por su parte, el concejal de Comunicaci\u00f3n de Bu\u00f1ol, Manuel Sierra ha destacado que \u201cdesde el Ayuntamiento creemos en el BIM como herramienta ideal para que la informaci\u00f3n de nuestro municipio llegue a todos los vecinos y que la brecha digital no sea un impedimento, para que todos puedan estar al d\u00eda de lo que acontece en Bu\u00f1ol, adem\u00e1s de que incluso a d\u00eda de hoy, la publicaci\u00f3n en papel sigue siendo la mejor f\u00f3rmula para que las historias perduren en el tiempo y no acaben difumin\u00e1ndose con el paso de los a\u00f1os\u201d. Sierra a\u00f1ade que \u201cla incorporaci\u00f3n de la sociedad civil en este n\u00famero por medio de nuestras asociaciones m\u00e1s destacadas, es un buen testimonio para que en el futuro recordemos c\u00f3mo afect\u00f3 el paso de la pandemia por nuestro municipio y a las vicisitudes a las que se vieron sometidos todo tipo de colectivos, por lo que esperamos que sea del agrado de todos esta revista municipal del mes de mayo de 2021\u201d.<\/p>\n","protected":false},"excerpt":{"rendered":"<div class=\"mh-excerpt\">El documento recoge los dos a\u00f1os de legislatura que lleva el actual gobierno de la localidad formado por PSOE, EU y Podemos El Ayuntamiento de Bu\u00f1ol saca esta semana a la calle su tradicional Bolet\u00edn <a class=\"mh-excerpt-more\" href=\"https:\/\/www.tucomarca.com\/wordpress\/segunda\/el-ayuntamiento-de-bunol-recoge-en-su-bim-el-ano-de-gobierno-durante-la-pandemia\/\" title=\"El Ayuntamiento de Bu\u00f1ol recoge en el \u00faltimo BIM su gobierno durante la pandemia\">[+] <\/a><\/div>\n","protected":false},"author":12,"featured_media":56667,"comment_status":"open","ping_status":"open","sticky":false,"template":"","format":"standard","meta":{"footnotes":""},"categories":[18,10,142,3],"tags":[14582,10385,8163,5952],"class_list":{"0":"post-132938","1":"post","2":"type-post","3":"status-publish","4":"format-standard","5":"has-post-thumbnail","7":"category-bunol","8":"category-la-hoya","9":"category-politica-la-comarca","10":"category-seccion","11":"tag-bim","12":"tag-bunol","13":"tag-equipo-de-gobierno","14":"tag-la-hoya-de-bunol-chiva"},"_links":{"self":[{"href":"https:\/\/www.tucomarca.com\/wordpress\/segunda\/wp-json\/wp\/v2\/posts\/132938","targetHints":{"allow":["GET"]}}],"collection":[{"href":"https:\/\/www.tucomarca.com\/wordpress\/segunda\/wp-json\/wp\/v2\/posts"}],"about":[{"href":"https:\/\/www.tucomarca.com\/wordpress\/segunda\/wp-json\/wp\/v2\/types\/post"}],"author":[{"embeddable":true,"href":"https:\/\/www.tucomarca.com\/wordpress\/segunda\/wp-json\/wp\/v2\/users\/12"}],"replies":[{"embeddable":true,"href":"https:\/\/www.tucomarca.com\/wordpress\/segunda\/wp-json\/wp\/v2\/comments?post=132938"}],"version-history":[{"count":0,"href":"https:\/\/www.tucomarca.com\/wordpress\/segunda\/wp-json\/wp\/v2\/posts\/132938\/revisions"}],"wp:featuredmedia":[{"embeddable":true,"href":"https:\/\/www.tucomarca.com\/wordpress\/segunda\/wp-json\/wp\/v2\/media\/56667"}],"wp:attachment":[{"href":"https:\/\/www.tucomarca.com\/wordpress\/segunda\/wp-json\/wp\/v2\/media?parent=132938"}],"wp:term":[{"taxonomy":"category","embeddable":true,"href":"https:\/\/www.tucomarca.com\/wordpress\/segunda\/wp-json\/wp\/v2\/categories?post=132938"},{"taxonomy":"post_tag","embeddable":true,"href":"https:\/\/www.tucomarca.com\/wordpress\/segunda\/wp-json\/wp\/v2\/tags?post=132938"}],"curies":[{"name":"wp","href":"https:\/\/api.w.org\/{rel}","templated":true}]}}