{"id":133451,"date":"2021-05-21T12:00:00","date_gmt":"2021-05-21T11:00:00","guid":{"rendered":"http:\/\/www.tucomarca.com\/wordpress\/segunda\/?p=133451"},"modified":"2021-05-21T18:39:18","modified_gmt":"2021-05-21T17:39:18","slug":"el-ayuntamiento-de-bunol-concluye-las-primeras-jornadas-de-memoria-historica-y-democratica","status":"publish","type":"post","link":"https:\/\/www.tucomarca.com\/wordpress\/segunda\/el-ayuntamiento-de-bunol-concluye-las-primeras-jornadas-de-memoria-historica-y-democratica\/","title":{"rendered":"El Ayuntamiento de Bu\u00f1ol concluye las primeras Jornadas de Memoria Hist\u00f3rica y Democr\u00e1tica"},"content":{"rendered":"\n<h4 class=\"wp-block-heading\">Las I Jornadas de Memoria Hist\u00f3rica en Bu\u00f1ol, que coinciden con el 90\u00ba Aniversario de la proclamaci\u00f3n de la II Rep\u00fablica finalizan hoy en la localidad.<\/h4>\n\n\n\n<p>El concejal del Ayuntamiento de Bu\u00f1ol, Carles Xerri, recuerda que en estas jornadas el Consistorio conmemora el 90\u00ba Aniversario de la proclamaci\u00f3n de la II Rep\u00fablica, \u201cun hito hist\u00f3rico con el que la inmensa mayor\u00eda de la corporaci\u00f3n municipal nos identificamos y reconocemos, como una de las experiencias de organizaci\u00f3n pol\u00edtica y social que m\u00e1s avances consigui\u00f3 en la historia de Espa\u00f1a\u201d.&nbsp;<\/p>\n\n\n\n<p>Estas jornadas forman parte del compromiso de este Ayuntamiento por trabajar conjuntamente con el movimiento memorialista del Pa\u00eds Valenciano en una perspectiva y orientaci\u00f3n clara, que es la de trabajar en la b\u00fasqueda de la verdad, la justicia y la reparaci\u00f3n y las garant\u00edas de no repetici\u00f3n para todas las v\u00edctimas del fascismo y la dictadura como un ejercicio necesario de recuperaci\u00f3n de la historia silenciada de tantas personas que lucharon y defendieron los sue\u00f1os de libertad y justicia social.<\/p>\n\n\n\n<p>Los actos programados, que se est\u00e1n celebrando en la Sala El Mercado contin\u00faan esta semana, concretamente el mi\u00e9rcoles, ayer jueves y hoy viernes. El mi\u00e9rcoles se present\u00f3 el libro <em>\u201cValencianas y Valencianos deportados en los campos Nazis\u201d<\/em> de Adri\u00e1n Blas M\u00ednguez Anaya con gran \u00e9xito de p\u00fablico.&nbsp;<\/p>\n\n\n\n<p>Ayer jueves 20 se presentaron y entregaron los premios de los proyectos de memoria democr\u00e1tica del alumnado del IES Hoya de Bu\u00f1ol. Juncal Carrascosa, Alcaldesa de Bu\u00f1ol, les hizo entrega de un premio por este gran trabajo de investigaci\u00f3n.&nbsp;<\/p>\n\n\n\n<figure class=\"wp-block-image size-large\"><img loading=\"lazy\" decoding=\"async\" width=\"787\" height=\"590\" src=\"https:\/\/www.tucomarca.com\/wordpress\/segunda\/wp-content\/uploads\/2021\/05\/BunolMemoHisjueves03.jpg\" alt=\"\" class=\"wp-image-133459\" srcset=\"https:\/\/www.tucomarca.com\/wordpress\/segunda\/wp-content\/uploads\/2021\/05\/BunolMemoHisjueves03.jpg 787w, https:\/\/www.tucomarca.com\/wordpress\/segunda\/wp-content\/uploads\/2021\/05\/BunolMemoHisjueves03-300x225.jpg 300w, https:\/\/www.tucomarca.com\/wordpress\/segunda\/wp-content\/uploads\/2021\/05\/BunolMemoHisjueves03-768x576.jpg 768w, https:\/\/www.tucomarca.com\/wordpress\/segunda\/wp-content\/uploads\/2021\/05\/BunolMemoHisjueves03-678x509.jpg 678w, https:\/\/www.tucomarca.com\/wordpress\/segunda\/wp-content\/uploads\/2021\/05\/BunolMemoHisjueves03-326x245.jpg 326w, https:\/\/www.tucomarca.com\/wordpress\/segunda\/wp-content\/uploads\/2021\/05\/BunolMemoHisjueves03-80x60.jpg 80w\" sizes=\"auto, (max-width: 787px) 100vw, 787px\" \/><\/figure>\n\n\n\n<p>El edil bu\u00f1olense Carles Xerri recuerda que el proyecto de Memoria Hist\u00f3rica del IES La Hoya de Bu\u00f1ol se inici\u00f3 en el curso escolar 2017-2018. Comenz\u00f3 siendo un proyecto en el que el alumnado recog\u00eda testimonios para posteriormente realizar una representaci\u00f3n dramatizada. En el curso 2018-2019, el proyecto se ampli\u00f3 y los alumnos\/as realizaron un trabajo de investigaci\u00f3n sobre un tema y despu\u00e9s la representaci\u00f3n dramatizada de este. A\u00f1o tras a\u00f1o hasta el curso actual, los temas tratados en los trabajos han sido: la deportaci\u00f3n, la represi\u00f3n y el exilio interior y exterior sufridos en la comarca de la Hoya de Bu\u00f1ol.&nbsp;<\/p>\n\n\n\n<p>En octubre pasado, el centro present\u00f3 el proyecto a los Premios de la Diputaci\u00f3n de Valencia y obtuvieron el primer premio en el Concurso de Memoria Hist\u00f3rica.&nbsp;<\/p>\n\n\n\n<p>Despu\u00e9s de este acto tuvo lugar una charla coloquio llamado <em>Las Misiones de la Memoria<\/em>, la represi\u00f3n durante la Dictadura franquista desde la postguerra a la transici\u00f3n: La lucha por la verdad, la justicia y la reparaci\u00f3n.&nbsp;<\/p>\n\n\n\n<figure class=\"wp-block-image size-large\"><img loading=\"lazy\" decoding=\"async\" width=\"1024\" height=\"768\" src=\"https:\/\/www.tucomarca.com\/wordpress\/segunda\/wp-content\/uploads\/2021\/05\/BunolMemoHisjueves01-1024x768.jpg\" alt=\"\" class=\"wp-image-133455\" srcset=\"https:\/\/www.tucomarca.com\/wordpress\/segunda\/wp-content\/uploads\/2021\/05\/BunolMemoHisjueves01-1024x768.jpg 1024w, https:\/\/www.tucomarca.com\/wordpress\/segunda\/wp-content\/uploads\/2021\/05\/BunolMemoHisjueves01-300x225.jpg 300w, https:\/\/www.tucomarca.com\/wordpress\/segunda\/wp-content\/uploads\/2021\/05\/BunolMemoHisjueves01-768x576.jpg 768w, https:\/\/www.tucomarca.com\/wordpress\/segunda\/wp-content\/uploads\/2021\/05\/BunolMemoHisjueves01-678x509.jpg 678w, https:\/\/www.tucomarca.com\/wordpress\/segunda\/wp-content\/uploads\/2021\/05\/BunolMemoHisjueves01-326x245.jpg 326w, https:\/\/www.tucomarca.com\/wordpress\/segunda\/wp-content\/uploads\/2021\/05\/BunolMemoHisjueves01-80x60.jpg 80w, https:\/\/www.tucomarca.com\/wordpress\/segunda\/wp-content\/uploads\/2021\/05\/BunolMemoHisjueves01.jpg 1215w\" sizes=\"auto, (max-width: 1024px) 100vw, 1024px\" \/><\/figure>\n\n\n\n<p>Y hoy viernes 21 de mayo, a las 18.30h se presenta el libro <em>\u201cLa violencia pol\u00edtica contra las mujeres (1936-1953)\u201d <\/em>El caso de la privaci\u00f3n de libertad en la provincia de Valencia, de Antonio Sim\u00f3 Rosaleny y Ricard Camil Torres.<\/p>\n","protected":false},"excerpt":{"rendered":"<div class=\"mh-excerpt\">Las I Jornadas de Memoria Hist\u00f3rica en Bu\u00f1ol, que coinciden con el 90\u00ba Aniversario de la proclamaci\u00f3n de la II Rep\u00fablica finalizan hoy en la localidad. El concejal del Ayuntamiento de Bu\u00f1ol, Carles Xerri, recuerda <a class=\"mh-excerpt-more\" href=\"https:\/\/www.tucomarca.com\/wordpress\/segunda\/el-ayuntamiento-de-bunol-concluye-las-primeras-jornadas-de-memoria-historica-y-democratica\/\" title=\"El Ayuntamiento de Bu\u00f1ol concluye las primeras Jornadas de Memoria Hist\u00f3rica y Democr\u00e1tica\">[+] <\/a><\/div>\n","protected":false},"author":12,"featured_media":133453,"comment_status":"open","ping_status":"open","sticky":false,"template":"","format":"gallery","meta":{"footnotes":""},"categories":[18,128,8,10,7,142,3],"tags":[10385,14628,5952],"class_list":{"0":"post-133451","1":"post","2":"type-post","3":"status-publish","4":"format-gallery","5":"has-post-thumbnail","7":"category-bunol","8":"category-infraestructuras","9":"category-la-comarca","10":"category-la-hoya","11":"category-ocio-y-cultura","12":"category-politica-la-comarca","13":"category-seccion","14":"tag-bunol","15":"tag-i-jornadas-de-memoria-historica-y-democratica","16":"tag-la-hoya-de-bunol-chiva","17":"post_format-post-format-gallery"},"_links":{"self":[{"href":"https:\/\/www.tucomarca.com\/wordpress\/segunda\/wp-json\/wp\/v2\/posts\/133451","targetHints":{"allow":["GET"]}}],"collection":[{"href":"https:\/\/www.tucomarca.com\/wordpress\/segunda\/wp-json\/wp\/v2\/posts"}],"about":[{"href":"https:\/\/www.tucomarca.com\/wordpress\/segunda\/wp-json\/wp\/v2\/types\/post"}],"author":[{"embeddable":true,"href":"https:\/\/www.tucomarca.com\/wordpress\/segunda\/wp-json\/wp\/v2\/users\/12"}],"replies":[{"embeddable":true,"href":"https:\/\/www.tucomarca.com\/wordpress\/segunda\/wp-json\/wp\/v2\/comments?post=133451"}],"version-history":[{"count":0,"href":"https:\/\/www.tucomarca.com\/wordpress\/segunda\/wp-json\/wp\/v2\/posts\/133451\/revisions"}],"wp:featuredmedia":[{"embeddable":true,"href":"https:\/\/www.tucomarca.com\/wordpress\/segunda\/wp-json\/wp\/v2\/media\/133453"}],"wp:attachment":[{"href":"https:\/\/www.tucomarca.com\/wordpress\/segunda\/wp-json\/wp\/v2\/media?parent=133451"}],"wp:term":[{"taxonomy":"category","embeddable":true,"href":"https:\/\/www.tucomarca.com\/wordpress\/segunda\/wp-json\/wp\/v2\/categories?post=133451"},{"taxonomy":"post_tag","embeddable":true,"href":"https:\/\/www.tucomarca.com\/wordpress\/segunda\/wp-json\/wp\/v2\/tags?post=133451"}],"curies":[{"name":"wp","href":"https:\/\/api.w.org\/{rel}","templated":true}]}}