{"id":133513,"date":"2021-05-22T09:15:00","date_gmt":"2021-05-22T08:15:00","guid":{"rendered":"http:\/\/www.tucomarca.com\/wordpress\/segunda\/?p=133513"},"modified":"2021-05-22T14:56:47","modified_gmt":"2021-05-22T13:56:47","slug":"ivan-torres-renueva-como-presidente-de-la-falla-els-barris-de-turis","status":"publish","type":"post","link":"https:\/\/www.tucomarca.com\/wordpress\/segunda\/ivan-torres-renueva-como-presidente-de-la-falla-els-barris-de-turis\/","title":{"rendered":"Ivan Torres renueva como presidente de la Falla Els Barris de Tur\u00eds"},"content":{"rendered":"\n<h4 class=\"wp-block-heading\">La comisi\u00f3n m\u00e1s numerosa de la localidad valenciana estrena un nuevo ejercicio con la vista puesta en las fiestas de septiembre&nbsp;<\/h4>\n\n\n\n<p>Ivan Torres Pic\u00f3 ha sido reelegido como presidente de la Falla Els Barris de Tur\u00eds en una Junta General Ordinaria celebrada este viernes.&nbsp;<\/p>\n\n\n\n<p>Torres afronta as\u00ed su noveno a\u00f1o al frente de la comisi\u00f3n m\u00e1s numerosa de la localidad valenciana, con alrededor de 460 falleros. De hecho, no ha acusado en su censo el efecto de otro ejercicio marcado por la pandemia.&nbsp;<\/p>\n\n\n\n<p>Esta misma semana la Junta Local Fallera de Tur\u00eds anunci\u00f3 la celebraci\u00f3n de las Fallas 2021 del 16 al 19 de septiembre con actos adaptados a la situaci\u00f3n sanitaria del momento.<\/p>\n","protected":false},"excerpt":{"rendered":"<div class=\"mh-excerpt\">La comisi\u00f3n m\u00e1s numerosa de la localidad valenciana estrena un nuevo ejercicio con la vista puesta en las fiestas de septiembre&nbsp; Ivan Torres Pic\u00f3 ha sido reelegido como presidente de la Falla Els Barris de <a class=\"mh-excerpt-more\" href=\"https:\/\/www.tucomarca.com\/wordpress\/segunda\/ivan-torres-renueva-como-presidente-de-la-falla-els-barris-de-turis\/\" title=\"Ivan Torres renueva como presidente de la Falla Els Barris de Tur\u00eds\">[+] <\/a><\/div>\n","protected":false},"author":12,"featured_media":133515,"comment_status":"open","ping_status":"open","sticky":false,"template":"","format":"standard","meta":{"footnotes":""},"categories":[8,42,7,383,3,43],"tags":[3027,12144,14633,1407,10394],"class_list":{"0":"post-133513","1":"post","2":"type-post","3":"status-publish","4":"format-standard","5":"has-post-thumbnail","7":"category-la-comarca","8":"category-la-ribera","9":"category-ocio-y-cultura","10":"category-pueblos-en-fiestas","11":"category-seccion","12":"category-turis","13":"tag-falla-els-barris","14":"tag-fallas-2021","15":"tag-ivan-torres","16":"tag-ribera-alta","17":"tag-turis"},"_links":{"self":[{"href":"https:\/\/www.tucomarca.com\/wordpress\/segunda\/wp-json\/wp\/v2\/posts\/133513","targetHints":{"allow":["GET"]}}],"collection":[{"href":"https:\/\/www.tucomarca.com\/wordpress\/segunda\/wp-json\/wp\/v2\/posts"}],"about":[{"href":"https:\/\/www.tucomarca.com\/wordpress\/segunda\/wp-json\/wp\/v2\/types\/post"}],"author":[{"embeddable":true,"href":"https:\/\/www.tucomarca.com\/wordpress\/segunda\/wp-json\/wp\/v2\/users\/12"}],"replies":[{"embeddable":true,"href":"https:\/\/www.tucomarca.com\/wordpress\/segunda\/wp-json\/wp\/v2\/comments?post=133513"}],"version-history":[{"count":0,"href":"https:\/\/www.tucomarca.com\/wordpress\/segunda\/wp-json\/wp\/v2\/posts\/133513\/revisions"}],"wp:featuredmedia":[{"embeddable":true,"href":"https:\/\/www.tucomarca.com\/wordpress\/segunda\/wp-json\/wp\/v2\/media\/133515"}],"wp:attachment":[{"href":"https:\/\/www.tucomarca.com\/wordpress\/segunda\/wp-json\/wp\/v2\/media?parent=133513"}],"wp:term":[{"taxonomy":"category","embeddable":true,"href":"https:\/\/www.tucomarca.com\/wordpress\/segunda\/wp-json\/wp\/v2\/categories?post=133513"},{"taxonomy":"post_tag","embeddable":true,"href":"https:\/\/www.tucomarca.com\/wordpress\/segunda\/wp-json\/wp\/v2\/tags?post=133513"}],"curies":[{"name":"wp","href":"https:\/\/api.w.org\/{rel}","templated":true}]}}