{"id":133536,"date":"2021-05-23T07:00:00","date_gmt":"2021-05-23T06:00:00","guid":{"rendered":"http:\/\/www.tucomarca.com\/wordpress\/segunda\/?p=133536"},"modified":"2021-05-23T20:20:41","modified_gmt":"2021-05-23T19:20:41","slug":"los-bomberos-intervienen-a-un-incendio-forestal-en-riba-roja-de-turia","status":"publish","type":"post","link":"https:\/\/www.tucomarca.com\/wordpress\/segunda\/los-bomberos-intervienen-a-un-incendio-forestal-en-riba-roja-de-turia\/","title":{"rendered":"Un incendio forestal afecta a parte del parque natural del Turia en Riba-roja"},"content":{"rendered":"\n<p>El Consorcio Provincial de Bomberos de Val\u00e8ncia ha intervenido en un incendio forestal de Riba-roja de T\u00faria, que se inici\u00f3 viernes por la tarde y se ha dado por extinguido s\u00e1bado por la ma\u00f1ana.\u00a0<\/p>\n\n\n\n<p>El aviso se recibi\u00f3 a las 20:07 del viernes y se alertaba de un incendio de matorrales en la localidad de Riba-roja, a pesar de que despu\u00e9s fue catalogado como incendio forestal al afectar zona de ca\u00f1ar del r\u00edo del parque natural del Turia.&nbsp;<\/p>\n\n\n\n<p>El Consorcio de Bomberos moviliz\u00f3 un dispositivo con bomberos del parque de Paterna, Oficial y Coordinador Forestal del Consorcio, bomberos forestales de la SGISE y brigadas de Divalterra. Los efectivos controlaron el fuego a las 21:13, frenando adem\u00e1s el avance hacia las urbanizaciones pr\u00f3ximas, de Mas\u00eda Traver y de Val\u00e8ncia la Vella, que no resultaron afectadas.&nbsp;<\/p>\n\n\n\n<p>El incendio se ha dado completamente por extinguido a las 07:23 de la ma\u00f1ana del s\u00e1bado.<\/p>\n\n\n\n<figure class=\"wp-block-gallery columns-3 is-cropped wp-block-gallery-1 is-layout-flex wp-block-gallery-is-layout-flex\"><ul class=\"blocks-gallery-grid\"><li class=\"blocks-gallery-item\"><figure><img loading=\"lazy\" decoding=\"async\" width=\"1024\" height=\"768\" src=\"https:\/\/www.tucomarca.com\/wordpress\/segunda\/wp-content\/uploads\/2021\/05\/IncendioRibaBomberos3-1024x768.jpeg\" alt=\"\" data-id=\"133541\" data-full-url=\"https:\/\/www.tucomarca.com\/wordpress\/segunda\/wp-content\/uploads\/2021\/05\/IncendioRibaBomberos3.jpeg\" data-link=\"https:\/\/www.tucomarca.com\/wordpress\/segunda\/?attachment_id=133541\" class=\"wp-image-133541\" srcset=\"https:\/\/www.tucomarca.com\/wordpress\/segunda\/wp-content\/uploads\/2021\/05\/IncendioRibaBomberos3-1024x768.jpeg 1024w, https:\/\/www.tucomarca.com\/wordpress\/segunda\/wp-content\/uploads\/2021\/05\/IncendioRibaBomberos3-300x225.jpeg 300w, https:\/\/www.tucomarca.com\/wordpress\/segunda\/wp-content\/uploads\/2021\/05\/IncendioRibaBomberos3-768x576.jpeg 768w, https:\/\/www.tucomarca.com\/wordpress\/segunda\/wp-content\/uploads\/2021\/05\/IncendioRibaBomberos3-1536x1152.jpeg 1536w, https:\/\/www.tucomarca.com\/wordpress\/segunda\/wp-content\/uploads\/2021\/05\/IncendioRibaBomberos3-678x509.jpeg 678w, https:\/\/www.tucomarca.com\/wordpress\/segunda\/wp-content\/uploads\/2021\/05\/IncendioRibaBomberos3-326x245.jpeg 326w, https:\/\/www.tucomarca.com\/wordpress\/segunda\/wp-content\/uploads\/2021\/05\/IncendioRibaBomberos3-80x60.jpeg 80w, https:\/\/www.tucomarca.com\/wordpress\/segunda\/wp-content\/uploads\/2021\/05\/IncendioRibaBomberos3.jpeg 2048w\" sizes=\"auto, (max-width: 1024px) 100vw, 1024px\" \/><\/figure><\/li><li class=\"blocks-gallery-item\"><figure><img loading=\"lazy\" decoding=\"async\" width=\"1024\" height=\"768\" src=\"https:\/\/www.tucomarca.com\/wordpress\/segunda\/wp-content\/uploads\/2021\/05\/IncendioRibaBomberos2-1024x768.jpeg\" alt=\"\" data-id=\"133539\" data-full-url=\"https:\/\/www.tucomarca.com\/wordpress\/segunda\/wp-content\/uploads\/2021\/05\/IncendioRibaBomberos2.jpeg\" data-link=\"https:\/\/www.tucomarca.com\/wordpress\/segunda\/?attachment_id=133539\" class=\"wp-image-133539\" srcset=\"https:\/\/www.tucomarca.com\/wordpress\/segunda\/wp-content\/uploads\/2021\/05\/IncendioRibaBomberos2-1024x768.jpeg 1024w, https:\/\/www.tucomarca.com\/wordpress\/segunda\/wp-content\/uploads\/2021\/05\/IncendioRibaBomberos2-300x225.jpeg 300w, https:\/\/www.tucomarca.com\/wordpress\/segunda\/wp-content\/uploads\/2021\/05\/IncendioRibaBomberos2-768x576.jpeg 768w, https:\/\/www.tucomarca.com\/wordpress\/segunda\/wp-content\/uploads\/2021\/05\/IncendioRibaBomberos2-1536x1152.jpeg 1536w, https:\/\/www.tucomarca.com\/wordpress\/segunda\/wp-content\/uploads\/2021\/05\/IncendioRibaBomberos2-678x509.jpeg 678w, https:\/\/www.tucomarca.com\/wordpress\/segunda\/wp-content\/uploads\/2021\/05\/IncendioRibaBomberos2-326x245.jpeg 326w, https:\/\/www.tucomarca.com\/wordpress\/segunda\/wp-content\/uploads\/2021\/05\/IncendioRibaBomberos2-80x60.jpeg 80w, https:\/\/www.tucomarca.com\/wordpress\/segunda\/wp-content\/uploads\/2021\/05\/IncendioRibaBomberos2.jpeg 2048w\" sizes=\"auto, (max-width: 1024px) 100vw, 1024px\" \/><\/figure><\/li><li class=\"blocks-gallery-item\"><figure><img loading=\"lazy\" decoding=\"async\" width=\"1024\" height=\"768\" src=\"https:\/\/www.tucomarca.com\/wordpress\/segunda\/wp-content\/uploads\/2021\/05\/IncendioRibaBomberos1-1024x768.jpeg\" alt=\"\" data-id=\"133537\" data-full-url=\"https:\/\/www.tucomarca.com\/wordpress\/segunda\/wp-content\/uploads\/2021\/05\/IncendioRibaBomberos1.jpeg\" data-link=\"https:\/\/www.tucomarca.com\/wordpress\/segunda\/?attachment_id=133537\" class=\"wp-image-133537\" srcset=\"https:\/\/www.tucomarca.com\/wordpress\/segunda\/wp-content\/uploads\/2021\/05\/IncendioRibaBomberos1-1024x768.jpeg 1024w, https:\/\/www.tucomarca.com\/wordpress\/segunda\/wp-content\/uploads\/2021\/05\/IncendioRibaBomberos1-300x225.jpeg 300w, https:\/\/www.tucomarca.com\/wordpress\/segunda\/wp-content\/uploads\/2021\/05\/IncendioRibaBomberos1-768x576.jpeg 768w, https:\/\/www.tucomarca.com\/wordpress\/segunda\/wp-content\/uploads\/2021\/05\/IncendioRibaBomberos1-1536x1152.jpeg 1536w, https:\/\/www.tucomarca.com\/wordpress\/segunda\/wp-content\/uploads\/2021\/05\/IncendioRibaBomberos1-678x509.jpeg 678w, https:\/\/www.tucomarca.com\/wordpress\/segunda\/wp-content\/uploads\/2021\/05\/IncendioRibaBomberos1-326x245.jpeg 326w, https:\/\/www.tucomarca.com\/wordpress\/segunda\/wp-content\/uploads\/2021\/05\/IncendioRibaBomberos1-80x60.jpeg 80w, https:\/\/www.tucomarca.com\/wordpress\/segunda\/wp-content\/uploads\/2021\/05\/IncendioRibaBomberos1.jpeg 2048w\" sizes=\"auto, (max-width: 1024px) 100vw, 1024px\" \/><\/figure><\/li><\/ul><\/figure>\n","protected":false},"excerpt":{"rendered":"<div class=\"mh-excerpt\">El Consorcio Provincial de Bomberos de Val\u00e8ncia ha intervenido en un incendio forestal de Riba-roja de T\u00faria, que se inici\u00f3 viernes por la tarde y se ha dado por extinguido s\u00e1bado por la ma\u00f1ana.\u00a0 El <a class=\"mh-excerpt-more\" href=\"https:\/\/www.tucomarca.com\/wordpress\/segunda\/los-bomberos-intervienen-a-un-incendio-forestal-en-riba-roja-de-turia\/\" title=\"Un incendio forestal afecta a parte del parque natural del Turia en Riba-roja\">[+] <\/a><\/div>\n","protected":false},"author":1,"featured_media":133543,"comment_status":"open","ping_status":"open","sticky":false,"template":"","format":"standard","meta":{"footnotes":""},"categories":[169,46,128,8,72,117,182,3,116,45],"tags":[14576,10395,1504],"class_list":{"0":"post-133536","1":"post","2":"type-post","3":"status-publish","4":"format-standard","5":"has-post-thumbnail","7":"category-agricultura-la-comarca","8":"category-camp-de-turia","9":"category-infraestructuras","10":"category-la-comarca","11":"category-sin-categorizar","12":"category-medio-ambiente-la-comarca","13":"category-riba-roja","14":"category-seccion","15":"category-sucesos-la-comarca","16":"category-ventana","17":"tag-bombers-valencia","18":"tag-camp-de-turia","19":"tag-riba-roja-2"},"_links":{"self":[{"href":"https:\/\/www.tucomarca.com\/wordpress\/segunda\/wp-json\/wp\/v2\/posts\/133536","targetHints":{"allow":["GET"]}}],"collection":[{"href":"https:\/\/www.tucomarca.com\/wordpress\/segunda\/wp-json\/wp\/v2\/posts"}],"about":[{"href":"https:\/\/www.tucomarca.com\/wordpress\/segunda\/wp-json\/wp\/v2\/types\/post"}],"author":[{"embeddable":true,"href":"https:\/\/www.tucomarca.com\/wordpress\/segunda\/wp-json\/wp\/v2\/users\/1"}],"replies":[{"embeddable":true,"href":"https:\/\/www.tucomarca.com\/wordpress\/segunda\/wp-json\/wp\/v2\/comments?post=133536"}],"version-history":[{"count":0,"href":"https:\/\/www.tucomarca.com\/wordpress\/segunda\/wp-json\/wp\/v2\/posts\/133536\/revisions"}],"wp:featuredmedia":[{"embeddable":true,"href":"https:\/\/www.tucomarca.com\/wordpress\/segunda\/wp-json\/wp\/v2\/media\/133543"}],"wp:attachment":[{"href":"https:\/\/www.tucomarca.com\/wordpress\/segunda\/wp-json\/wp\/v2\/media?parent=133536"}],"wp:term":[{"taxonomy":"category","embeddable":true,"href":"https:\/\/www.tucomarca.com\/wordpress\/segunda\/wp-json\/wp\/v2\/categories?post=133536"},{"taxonomy":"post_tag","embeddable":true,"href":"https:\/\/www.tucomarca.com\/wordpress\/segunda\/wp-json\/wp\/v2\/tags?post=133536"}],"curies":[{"name":"wp","href":"https:\/\/api.w.org\/{rel}","templated":true}]}}