{"id":133700,"date":"2021-05-26T08:00:00","date_gmt":"2021-05-26T07:00:00","guid":{"rendered":"http:\/\/www.tucomarca.com\/wordpress\/segunda\/?p=133700"},"modified":"2021-05-26T09:07:05","modified_gmt":"2021-05-26T08:07:05","slug":"benaguasil-no-celebrara-las-fallas-2021","status":"publish","type":"post","link":"https:\/\/www.tucomarca.com\/wordpress\/segunda\/benaguasil-no-celebrara-las-fallas-2021\/","title":{"rendered":"Benaguasil no celebrar\u00e1 las Fallas 2021"},"content":{"rendered":"\n<h4 class=\"wp-block-heading\"><strong>La decisi\u00f3n ha sido adoptada tras la reuni\u00f3n mantenida el pasado 24 de mayo entre el Ayuntamiento y las representaciones de las comisiones falleras del municipio y la JLF.<\/strong><\/h4>\n\n\n\n<p>As\u00ed se ha acordado en la reuni\u00f3n mantenida entre la directiva de laJunta Local Fallera de Benaguasil, los presidentes de las 10 comisiones falleras y la concejal de Fallas, Ana Aleixandre<strong>.&nbsp;<\/strong><\/p>\n\n\n\n<p>La decisi\u00f3n se ha tomado por consenso mayoritario de las comisiones que, tras aportar los diferentes puntos de vista en cuanto a la celebraci\u00f3n de las fallas 2021 en el segundo semestre del a\u00f1o, han decidido no celebrarlas y dar paso a las Fallas de 2022.<\/p>\n\n\n\n<p>Desde el Ayuntamiento respaldan la decisi\u00f3n y con la vista puesta en el pr\u00f3ximo a\u00f1o, la concejal del \u00e1rea ha agradecido al colectivo fallero \u201cel gran esfuerzo que est\u00e1n realizando\u201d, y les ha transmitido el \u201capoyo del consistorio en todo lo que sea posible para que las Fallas de Benaguasil sigan siendo un referente\u201d. Asimismo Ana les ha animado \u201ca seguir trabajando y a no perder la ilusi\u00f3n para que en el 2022 podamos disfrutar con seguridad de nuestras fiestas, declaradas fiesta de inter\u00e9s tur\u00edstico provincial\u201d.<\/p>\n\n\n\n<p>En la reuni\u00f3n tambi\u00e9n se ha decidido celebrar el d\u00eda 26 de junio el acto de imposici\u00f3n de las bandas a las falleras mayores de Benaguasil, Alba Ferrer y Daniela Jim\u00e9nez, que contin\u00faan en sus cargos, as\u00ed como entregar las recompensas de los dos \u00faltimos ejercicios a los falleros de m\u00e1s antig\u00fcedad de las comisiones.<\/p>\n","protected":false},"excerpt":{"rendered":"<div class=\"mh-excerpt\">La decisi\u00f3n ha sido adoptada tras la reuni\u00f3n mantenida el pasado 24 de mayo entre el Ayuntamiento y las representaciones de las comisiones falleras del municipio y la JLF. As\u00ed se ha acordado en la <a class=\"mh-excerpt-more\" href=\"https:\/\/www.tucomarca.com\/wordpress\/segunda\/benaguasil-no-celebrara-las-fallas-2021\/\" title=\"Benaguasil no celebrar\u00e1 las Fallas 2021\">[+] <\/a><\/div>\n","protected":false},"author":1,"featured_media":133701,"comment_status":"open","ping_status":"open","sticky":false,"template":"","format":"standard","meta":{"footnotes":""},"categories":[172,46,12201,128,8,142,383,3],"tags":[10429,10395,11937,11938,80,12144],"class_list":{"0":"post-133700","1":"post","2":"type-post","3":"status-publish","4":"format-standard","5":"has-post-thumbnail","7":"category-benaguasil","8":"category-camp-de-turia","9":"category-covid-19","10":"category-infraestructuras","11":"category-la-comarca","12":"category-politica-la-comarca","13":"category-pueblos-en-fiestas","14":"category-seccion","15":"tag-benaguasil","16":"tag-camp-de-turia","17":"tag-coronavirus","18":"tag-covid-19","19":"tag-fallas","20":"tag-fallas-2021"},"_links":{"self":[{"href":"https:\/\/www.tucomarca.com\/wordpress\/segunda\/wp-json\/wp\/v2\/posts\/133700","targetHints":{"allow":["GET"]}}],"collection":[{"href":"https:\/\/www.tucomarca.com\/wordpress\/segunda\/wp-json\/wp\/v2\/posts"}],"about":[{"href":"https:\/\/www.tucomarca.com\/wordpress\/segunda\/wp-json\/wp\/v2\/types\/post"}],"author":[{"embeddable":true,"href":"https:\/\/www.tucomarca.com\/wordpress\/segunda\/wp-json\/wp\/v2\/users\/1"}],"replies":[{"embeddable":true,"href":"https:\/\/www.tucomarca.com\/wordpress\/segunda\/wp-json\/wp\/v2\/comments?post=133700"}],"version-history":[{"count":0,"href":"https:\/\/www.tucomarca.com\/wordpress\/segunda\/wp-json\/wp\/v2\/posts\/133700\/revisions"}],"wp:featuredmedia":[{"embeddable":true,"href":"https:\/\/www.tucomarca.com\/wordpress\/segunda\/wp-json\/wp\/v2\/media\/133701"}],"wp:attachment":[{"href":"https:\/\/www.tucomarca.com\/wordpress\/segunda\/wp-json\/wp\/v2\/media?parent=133700"}],"wp:term":[{"taxonomy":"category","embeddable":true,"href":"https:\/\/www.tucomarca.com\/wordpress\/segunda\/wp-json\/wp\/v2\/categories?post=133700"},{"taxonomy":"post_tag","embeddable":true,"href":"https:\/\/www.tucomarca.com\/wordpress\/segunda\/wp-json\/wp\/v2\/tags?post=133700"}],"curies":[{"name":"wp","href":"https:\/\/api.w.org\/{rel}","templated":true}]}}