{"id":134038,"date":"2021-05-29T08:12:00","date_gmt":"2021-05-29T07:12:00","guid":{"rendered":"http:\/\/www.tucomarca.com\/wordpress\/segunda\/?p=134038"},"modified":"2021-05-29T10:15:10","modified_gmt":"2021-05-29T09:15:10","slug":"la-pobla-de-vallbona-no-celebrara-fallas-en-2021","status":"publish","type":"post","link":"https:\/\/www.tucomarca.com\/wordpress\/segunda\/la-pobla-de-vallbona-no-celebrara-fallas-en-2021\/","title":{"rendered":"La Pobla de Vallbona no celebrar\u00e1 fallas en 2021"},"content":{"rendered":"\n<h4 class=\"wp-block-heading\"><strong>Junta Local Fallera vota no celebrar la semana grande este a\u00f1o y empezar a preparar los actos de 2022<\/strong><\/h4>\n\n\n\n<p>La Pobla de Vallbona no acoger\u00e1 la semana fallera en septiembre tal como hab\u00eda autorizado la Conseller\u00eda de Sanidad. La reuni\u00f3n de Junta Local Fallera celebrada de manera extraordinaria ha aprobado no organizar la semana grande en este a\u00f1o y empezar a trabajar por las fallas de 2022.<\/p>\n\n\n\n<p>El acuerdo entre las comisiones comporta adem\u00e1s que las Falleras Mayores as\u00ed como las Cortes de Honor de Junta Local Fallera y las representantes de las siete comisiones de la Pobla continuar\u00e1n en su cargo hasta 2022. Esta decisi\u00f3n coincide con la que JLF aprob\u00f3 el a\u00f1o pasado para mantener en su cargo a los representantes de las fiestas anuladas.<\/p>\n\n\n\n<p>A pesar de suspender la semana grande de las fallas, las comisiones de la Pobla de Vallbona han acordado que intentar\u00e1n organizar actos adaptados a la nueva situaci\u00f3n durante este periodo de tiempo para apoyar a los sectores propios de la fiesta.<\/p>\n\n\n\n<p>El regidor de Fallas, Jaime Ruix, ha se\u00f1alado que a pesar de que no era una decisi\u00f3n f\u00e1cil por encontrarse en una situaci\u00f3n nueva, \u201clas fallas de la Pobla han sido un ejemplo de unidad y ahora empezaremos a trabajar para las fallas de 2022 sean inolvidables para todos\u201d.<\/p>\n","protected":false},"excerpt":{"rendered":"<div class=\"mh-excerpt\">Junta Local Fallera vota no celebrar la semana grande este a\u00f1o y empezar a preparar los actos de 2022 La Pobla de Vallbona no acoger\u00e1 la semana fallera en septiembre tal como hab\u00eda autorizado la <a class=\"mh-excerpt-more\" href=\"https:\/\/www.tucomarca.com\/wordpress\/segunda\/la-pobla-de-vallbona-no-celebrara-fallas-en-2021\/\" title=\"La Pobla de Vallbona no celebrar\u00e1 fallas en 2021\">[+] <\/a><\/div>\n","protected":false},"author":1,"featured_media":134039,"comment_status":"open","ping_status":"open","sticky":false,"template":"","format":"standard","meta":{"footnotes":""},"categories":[46,12201,128,8,174,7,142,383,3,116],"tags":[10395,11937,11938,80,12144,1335],"class_list":{"0":"post-134038","1":"post","2":"type-post","3":"status-publish","4":"format-standard","5":"has-post-thumbnail","7":"category-camp-de-turia","8":"category-covid-19","9":"category-infraestructuras","10":"category-la-comarca","11":"category-la-pobla","12":"category-ocio-y-cultura","13":"category-politica-la-comarca","14":"category-pueblos-en-fiestas","15":"category-seccion","16":"category-sucesos-la-comarca","17":"tag-camp-de-turia","18":"tag-coronavirus","19":"tag-covid-19","20":"tag-fallas","21":"tag-fallas-2021","22":"tag-la-pobla-de-vallbona"},"_links":{"self":[{"href":"https:\/\/www.tucomarca.com\/wordpress\/segunda\/wp-json\/wp\/v2\/posts\/134038","targetHints":{"allow":["GET"]}}],"collection":[{"href":"https:\/\/www.tucomarca.com\/wordpress\/segunda\/wp-json\/wp\/v2\/posts"}],"about":[{"href":"https:\/\/www.tucomarca.com\/wordpress\/segunda\/wp-json\/wp\/v2\/types\/post"}],"author":[{"embeddable":true,"href":"https:\/\/www.tucomarca.com\/wordpress\/segunda\/wp-json\/wp\/v2\/users\/1"}],"replies":[{"embeddable":true,"href":"https:\/\/www.tucomarca.com\/wordpress\/segunda\/wp-json\/wp\/v2\/comments?post=134038"}],"version-history":[{"count":0,"href":"https:\/\/www.tucomarca.com\/wordpress\/segunda\/wp-json\/wp\/v2\/posts\/134038\/revisions"}],"wp:featuredmedia":[{"embeddable":true,"href":"https:\/\/www.tucomarca.com\/wordpress\/segunda\/wp-json\/wp\/v2\/media\/134039"}],"wp:attachment":[{"href":"https:\/\/www.tucomarca.com\/wordpress\/segunda\/wp-json\/wp\/v2\/media?parent=134038"}],"wp:term":[{"taxonomy":"category","embeddable":true,"href":"https:\/\/www.tucomarca.com\/wordpress\/segunda\/wp-json\/wp\/v2\/categories?post=134038"},{"taxonomy":"post_tag","embeddable":true,"href":"https:\/\/www.tucomarca.com\/wordpress\/segunda\/wp-json\/wp\/v2\/tags?post=134038"}],"curies":[{"name":"wp","href":"https:\/\/api.w.org\/{rel}","templated":true}]}}