{"id":134053,"date":"2021-05-29T18:00:00","date_gmt":"2021-05-29T17:00:00","guid":{"rendered":"http:\/\/www.tucomarca.com\/wordpress\/segunda\/?p=134053"},"modified":"2021-05-31T10:20:04","modified_gmt":"2021-05-31T09:20:04","slug":"la-diputacio-de-valencia-entrega-los-premios-go-al-gobierno-abierto","status":"publish","type":"post","link":"https:\/\/www.tucomarca.com\/wordpress\/segunda\/la-diputacio-de-valencia-entrega-los-premios-go-al-gobierno-abierto\/","title":{"rendered":"La Diputaci\u00f3 de Val\u00e8ncia entrega los Premios Go! al Gobierno Abierto"},"content":{"rendered":"\n<h4 class=\"wp-block-heading\">Esta es la tercera edici\u00f3n de los premios de la corporaci\u00f3n provincial que reconocen la labor de las personas f\u00edsicas y jur\u00eddicas en el campo del gobierno abierto y la transparencia<\/h4>\n\n\n\n<h4 class=\"wp-block-heading\">Los ganadores de esta edici\u00f3n han sido Jorge Castellanos Claramunt, M\u00aa Dolores Montero Caro, Observatorio de Gobernanza y RSC del CEU, Fundaci\u00f3 Horta Sud y la Asociaci\u00f3n Maldita contra la Desinformaci\u00f3n<\/h4>\n\n\n\n<p>La Diputaci\u00f3 de Valencia, a trav\u00e9s de la delegaci\u00f3n de Gobierno Abierto y Participaci\u00f3n, ha realizado el acto de entrega de los Premios GO! a la investigaci\u00f3n y la sociedad civil en gobierno abierto, con el fin de reconocer la labor de personas f\u00edsicas y jur\u00eddicas en los campos de la investigaci\u00f3n, la divulgaci\u00f3n, el desarrollo de aplicaciones y la promoci\u00f3n de la cultura de gobierno abierto y la responsabilidad social.<\/p>\n\n\n\n<p>Esta tercera edici\u00f3n refuerza el firme compromiso de esta instituci\u00f3n por implementar pol\u00edticas p\u00fablicas abiertas, transparentes y participativas. En palabras de la diputada de Gobierno Abierto y Transparencia, Mentxu Balaguer, \u201ctras estos a\u00f1os de trabajo todav\u00eda somos m\u00e1s conscientes y creemos m\u00e1s en el poder de las personas para seguir creciendo en la cultura del gobierno abierto. Por eso queremos seguir reconociendo y poniendo en valor la labor de personas f\u00edsicas y jur\u00eddicas en los campos de la investigaci\u00f3n, la divulgaci\u00f3n, el desarrollo de aplicaciones y la promoci\u00f3n de la cultura de Gobierno Abierto y por eso hemos hecho entrega&nbsp; hoy de los terceros Premios GO!\u201d<\/p>\n\n\n\n<p>Al acto de entrega han asistido la vicepresidenta de la Diputaci\u00f3n, Maria Josep Amig\u00f3, y la diputada de Gobierno Abierto y Participaci\u00f3n, Mentxu Balaguer. Por parte de la Conselleria, han asistido Antoni Llorente, secretario auton\u00f3mico de Participaci\u00f3n y Transparencia, por delegaci\u00f3n de la consellera de Participaci\u00f3n, Cooperaci\u00f3n y Calidad Democr\u00e1tica; Andres Gomis, director general de Transparencia, Atenci\u00f3n a la Ciudadan\u00eda y&nbsp; Buen Gobierno; y la directora general de Participaci\u00f3n, Maria Jes\u00fas P\u00e9rez.<\/p>\n\n\n\n<p>En la modalidad Premios GO! Investigaci\u00f3n, el primer y segundo premio han reca\u00eddo por primera vez en el misma candidatura. As\u00ed, han sido premiados Jorge Castellanos Claramunt en la rama de Participaci\u00f3n y Maria Dolores Montero Caro en la de Transparencia. &nbsp;<\/p>\n\n\n\n<p>En la modalidad Premios GO! a la sociedad civil para acciones de difusi\u00f3n, estudios o promoci\u00f3n del gobierno abierto para organizaciones, asociaciones y colectivos sociales, la candidatura presentada por Observatorio de Gobernanza y RSC ha merecido el primer premio, que ha sido recogido por Hugo Aznar, miembro de la comisi\u00f3n acad\u00e9mica del CEU-Escuela Internacional de Doctorado. El segundo premio ha correspondido al trabajo presentado por la Fundaci\u00f3 Horta Sud, siendo Laura Juan y Julio Huerta quienes han recogido el premio en representaci\u00f3n de la fundaci\u00f3n.<\/p>\n\n\n\n<p>Por \u00faltimo, la Asociaci\u00f3n Maldita contra la Desinformaci\u00f3n y, en su nombre Sergio Sangiao, coordinador de Maldito Dato, ha recogido el primer premio de la modalidad Premios GO! a la sociedad civil para acciones de difusi\u00f3n del gobierno abierto en medios y redes sociales.<\/p>\n","protected":false},"excerpt":{"rendered":"<div class=\"mh-excerpt\">Esta es la tercera edici\u00f3n de los premios de la corporaci\u00f3n provincial que reconocen la labor de las personas f\u00edsicas y jur\u00eddicas en el campo del gobierno abierto y la transparencia Los ganadores de esta <a class=\"mh-excerpt-more\" href=\"https:\/\/www.tucomarca.com\/wordpress\/segunda\/la-diputacio-de-valencia-entrega-los-premios-go-al-gobierno-abierto\/\" title=\"La Diputaci\u00f3 de Val\u00e8ncia entrega los Premios Go! al Gobierno Abierto\">[+] <\/a><\/div>\n","protected":false},"author":12,"featured_media":134055,"comment_status":"open","ping_status":"open","sticky":false,"template":"","format":"standard","meta":{"footnotes":""},"categories":[128,8,72,142,3,45],"tags":[3677,9990,14682],"class_list":{"0":"post-134053","1":"post","2":"type-post","3":"status-publish","4":"format-standard","5":"has-post-thumbnail","7":"category-infraestructuras","8":"category-la-comarca","9":"category-sin-categorizar","10":"category-politica-la-comarca","11":"category-seccion","12":"category-ventana","13":"tag-diputacio-de-valencia","14":"tag-gobierno-abierto","15":"tag-premios-go"},"_links":{"self":[{"href":"https:\/\/www.tucomarca.com\/wordpress\/segunda\/wp-json\/wp\/v2\/posts\/134053","targetHints":{"allow":["GET"]}}],"collection":[{"href":"https:\/\/www.tucomarca.com\/wordpress\/segunda\/wp-json\/wp\/v2\/posts"}],"about":[{"href":"https:\/\/www.tucomarca.com\/wordpress\/segunda\/wp-json\/wp\/v2\/types\/post"}],"author":[{"embeddable":true,"href":"https:\/\/www.tucomarca.com\/wordpress\/segunda\/wp-json\/wp\/v2\/users\/12"}],"replies":[{"embeddable":true,"href":"https:\/\/www.tucomarca.com\/wordpress\/segunda\/wp-json\/wp\/v2\/comments?post=134053"}],"version-history":[{"count":0,"href":"https:\/\/www.tucomarca.com\/wordpress\/segunda\/wp-json\/wp\/v2\/posts\/134053\/revisions"}],"wp:featuredmedia":[{"embeddable":true,"href":"https:\/\/www.tucomarca.com\/wordpress\/segunda\/wp-json\/wp\/v2\/media\/134055"}],"wp:attachment":[{"href":"https:\/\/www.tucomarca.com\/wordpress\/segunda\/wp-json\/wp\/v2\/media?parent=134053"}],"wp:term":[{"taxonomy":"category","embeddable":true,"href":"https:\/\/www.tucomarca.com\/wordpress\/segunda\/wp-json\/wp\/v2\/categories?post=134053"},{"taxonomy":"post_tag","embeddable":true,"href":"https:\/\/www.tucomarca.com\/wordpress\/segunda\/wp-json\/wp\/v2\/tags?post=134053"}],"curies":[{"name":"wp","href":"https:\/\/api.w.org\/{rel}","templated":true}]}}