{"id":134684,"date":"2021-06-04T20:00:00","date_gmt":"2021-06-04T19:00:00","guid":{"rendered":"http:\/\/www.tucomarca.com\/wordpress\/segunda\/?p=134684"},"modified":"2021-06-04T22:41:40","modified_gmt":"2021-06-04T21:41:40","slug":"bunol-sera-la-sede-del-i-curso-internacional-de-direccion-de-orquesta-aido-jose-collado-impartido-por-nicolas-pasquet","status":"publish","type":"post","link":"https:\/\/www.tucomarca.com\/wordpress\/segunda\/bunol-sera-la-sede-del-i-curso-internacional-de-direccion-de-orquesta-aido-jose-collado-impartido-por-nicolas-pasquet\/","title":{"rendered":"Bu\u00f1ol ser\u00e1 la sede del I Curso Internacional de Direcci\u00f3n de Orquesta AIDO Jos\u00e9 Collado impartido por Nicolas Pasquet"},"content":{"rendered":"\n<h4 class=\"wp-block-heading\">Una vez finalizado el periodo de inscripci\u00f3n, 25 j\u00f3venes directores y directoras de Espa\u00f1a y del resto de Europa se han inscrito al I Curso Internacional de Direcci\u00f3n de Orquesta organizado por AIDO Jos\u00e9 Collado y el Ayuntamiento de Bu\u00f1ol, que se celebrar\u00e1 en esta localidad del 26 al 30 de julio con el maestro Nicol\u00e1s Pasquet, director internacional y profesor de la Universidad de Weimar (Alemania).<\/h4>\n\n\n\n<p>El curso Internacional de Direcci\u00f3n augura un gran \u00e9xito. Aunque s\u00f3lo ser\u00e1n 6 los seleccionados de entre todos los candidatos que podr\u00e1n participar como alumnos\/as activos\/as, mediante un proceso de selecci\u00f3n de v\u00eddeo y curr\u00edculum, el resto de j\u00f3venes directores\/as tendr\u00e1n la posibilidad de participar como&nbsp; oyentes. Desde la organizaci\u00f3n quieren destacar el alto nivel de todos los candidatos y la dimensi\u00f3n internacional del curso con inscripciones de toda Espa\u00f1a y pa\u00edses de Europa como Alemania, Francia, Suiza, Italia, B\u00e9lgica, Bulgaria, Reino Unido, Estonia e incluso Sud\u00e1frica.<\/p>\n\n\n\n<p>Juan Luis Pallas afirma: \u201cPara Bu\u00f1ol es un hecho muy importante. Sabido es la relaci\u00f3n extraordinaria que tiene Bu\u00f1ol con la m\u00fasica. Era el momento de apostar por la realizaci\u00f3n de un curso de direcci\u00f3n de car\u00e1cter Internacional, y que adem\u00e1s llevase&nbsp; el nombre de Jos\u00e9 Collado. Nuestro director m\u00e1s reconocido y maestro de maestros. En este sentido, damos un paso m\u00e1s y colocamos nuevamente a Bu\u00f1ol como referente musical, en esta ocasi\u00f3n, relacionado con la direcci\u00f3n de orquesta\u201d, finaliza.<\/p>\n\n\n\n<p>Por su parte, Juncal Carrascosa, alcaldesa, y todo el gobierno municipal apoyan este proyecto cultural que sin duda llega a Bu\u00f1ol para quedarse de la mano de AIDO Jos\u00e9 Collado y&nbsp; que cuenta con Crist\u00f3bal Soler como parte importante del mismo.<\/p>\n","protected":false},"excerpt":{"rendered":"<div class=\"mh-excerpt\">Una vez finalizado el periodo de inscripci\u00f3n, 25 j\u00f3venes directores y directoras de Espa\u00f1a y del resto de Europa se han inscrito al I Curso Internacional de Direcci\u00f3n de Orquesta organizado por AIDO Jos\u00e9 Collado <a class=\"mh-excerpt-more\" href=\"https:\/\/www.tucomarca.com\/wordpress\/segunda\/bunol-sera-la-sede-del-i-curso-internacional-de-direccion-de-orquesta-aido-jose-collado-impartido-por-nicolas-pasquet\/\" title=\"Bu\u00f1ol ser\u00e1 la sede del I Curso Internacional de Direcci\u00f3n de Orquesta AIDO Jos\u00e9 Collado impartido por Nicolas Pasquet\">[+] <\/a><\/div>\n","protected":false},"author":12,"featured_media":134686,"comment_status":"open","ping_status":"open","sticky":false,"template":"","format":"standard","meta":{"footnotes":""},"categories":[18,66,8,10,7,3],"tags":[14771,10385,456,14770,5952,14772],"class_list":{"0":"post-134684","1":"post","2":"type-post","3":"status-publish","4":"format-standard","5":"has-post-thumbnail","7":"category-bunol","8":"category-musica","9":"category-la-comarca","10":"category-la-hoya","11":"category-ocio-y-cultura","12":"category-seccion","13":"tag-aido-jose-collado","14":"tag-bunol","15":"tag-cultura","16":"tag-i-curso-internacional-de-direccion-de-orquesta","17":"tag-la-hoya-de-bunol-chiva","18":"tag-nicolas-pasquet"},"_links":{"self":[{"href":"https:\/\/www.tucomarca.com\/wordpress\/segunda\/wp-json\/wp\/v2\/posts\/134684","targetHints":{"allow":["GET"]}}],"collection":[{"href":"https:\/\/www.tucomarca.com\/wordpress\/segunda\/wp-json\/wp\/v2\/posts"}],"about":[{"href":"https:\/\/www.tucomarca.com\/wordpress\/segunda\/wp-json\/wp\/v2\/types\/post"}],"author":[{"embeddable":true,"href":"https:\/\/www.tucomarca.com\/wordpress\/segunda\/wp-json\/wp\/v2\/users\/12"}],"replies":[{"embeddable":true,"href":"https:\/\/www.tucomarca.com\/wordpress\/segunda\/wp-json\/wp\/v2\/comments?post=134684"}],"version-history":[{"count":0,"href":"https:\/\/www.tucomarca.com\/wordpress\/segunda\/wp-json\/wp\/v2\/posts\/134684\/revisions"}],"wp:featuredmedia":[{"embeddable":true,"href":"https:\/\/www.tucomarca.com\/wordpress\/segunda\/wp-json\/wp\/v2\/media\/134686"}],"wp:attachment":[{"href":"https:\/\/www.tucomarca.com\/wordpress\/segunda\/wp-json\/wp\/v2\/media?parent=134684"}],"wp:term":[{"taxonomy":"category","embeddable":true,"href":"https:\/\/www.tucomarca.com\/wordpress\/segunda\/wp-json\/wp\/v2\/categories?post=134684"},{"taxonomy":"post_tag","embeddable":true,"href":"https:\/\/www.tucomarca.com\/wordpress\/segunda\/wp-json\/wp\/v2\/tags?post=134684"}],"curies":[{"name":"wp","href":"https:\/\/api.w.org\/{rel}","templated":true}]}}