{"id":135152,"date":"2021-06-11T12:00:00","date_gmt":"2021-06-11T11:00:00","guid":{"rendered":"http:\/\/www.tucomarca.com\/wordpress\/segunda\/?p=135152"},"modified":"2021-06-12T09:18:26","modified_gmt":"2021-06-12T08:18:26","slug":"las-comisiones-falleras-de-turis-recibiran-1-500-euros-para-el-monumento-de-septiembre","status":"publish","type":"post","link":"https:\/\/www.tucomarca.com\/wordpress\/segunda\/las-comisiones-falleras-de-turis-recibiran-1-500-euros-para-el-monumento-de-septiembre\/","title":{"rendered":"Las comisiones falleras de Tur\u00eds recibir\u00e1n 1.500 euros para el monumento de septiembre"},"content":{"rendered":"\n<p>El alcalde, Eugenio Forta\u00f1a, y la presidenta ejecutiva de Junta Local, Isabel Guaita, se han reunido con los presidentes de las cinco comisiones del pueblo (Els Barris, Pla\u00e7a del Mercat, Placeta del Marqu\u00e9s, Av. Corts Valencianes y L\u2019Antiga Fontanella) para ir concretando aspectos de las pr\u00f3ximas fallas de septiembre.<\/p>\n\n\n\n<p>Se ha informado de la subvenci\u00f3n extraordinaria de 1.500 euros que el consistorio proporcionar\u00e1 a cada comisi\u00f3n. Una ayuda que se tendr\u00e1 que destinar \u00edntegramente al monumento que se plantar\u00e1 en septiembre y que responde a las dificultades por las cuales el colectivo ha pasado por motivo de la Covid-19.<br>Al mismo tiempo tambi\u00e9n se ha comunicado a los presidentes que el ayuntamiento disparar\u00e1 una Nit del Foc para estas fallas tan especiales. Poco a poco el engranaje fallero empieza rodar para disfrutar de la fiesta de la mejor manera posible.<\/p>\n","protected":false},"excerpt":{"rendered":"<div class=\"mh-excerpt\">El alcalde, Eugenio Forta\u00f1a, y la presidenta ejecutiva de Junta Local, Isabel Guaita, se han reunido con los presidentes de las cinco comisiones del pueblo (Els Barris, Pla\u00e7a del Mercat, Placeta del Marqu\u00e9s, Av. Corts <a class=\"mh-excerpt-more\" href=\"https:\/\/www.tucomarca.com\/wordpress\/segunda\/las-comisiones-falleras-de-turis-recibiran-1-500-euros-para-el-monumento-de-septiembre\/\" title=\"Las comisiones falleras de Tur\u00eds recibir\u00e1n 1.500 euros para el monumento de septiembre\">[+] <\/a><\/div>\n","protected":false},"author":12,"featured_media":135153,"comment_status":"open","ping_status":"open","sticky":false,"template":"","format":"standard","meta":{"footnotes":""},"categories":[12201,128,8,42,7,142,3,43],"tags":[14836,11865,14837,12223,14838,12144,14835,1407,10394],"class_list":{"0":"post-135152","1":"post","2":"type-post","3":"status-publish","4":"format-standard","5":"has-post-thumbnail","7":"category-covid-19","8":"category-infraestructuras","9":"category-la-comarca","10":"category-la-ribera","11":"category-ocio-y-cultura","12":"category-politica-la-comarca","13":"category-seccion","14":"category-turis","15":"tag-falla-avinguda-corts-valencianes","16":"tag-falla-el-barris","17":"tag-falla-lantiga-fontanella","18":"tag-falla-placa-del-mercat","19":"tag-falla-placeta-del-marques","20":"tag-fallas-2021","21":"tag-fallas-en-septiembre","22":"tag-ribera-alta","23":"tag-turis"},"_links":{"self":[{"href":"https:\/\/www.tucomarca.com\/wordpress\/segunda\/wp-json\/wp\/v2\/posts\/135152","targetHints":{"allow":["GET"]}}],"collection":[{"href":"https:\/\/www.tucomarca.com\/wordpress\/segunda\/wp-json\/wp\/v2\/posts"}],"about":[{"href":"https:\/\/www.tucomarca.com\/wordpress\/segunda\/wp-json\/wp\/v2\/types\/post"}],"author":[{"embeddable":true,"href":"https:\/\/www.tucomarca.com\/wordpress\/segunda\/wp-json\/wp\/v2\/users\/12"}],"replies":[{"embeddable":true,"href":"https:\/\/www.tucomarca.com\/wordpress\/segunda\/wp-json\/wp\/v2\/comments?post=135152"}],"version-history":[{"count":0,"href":"https:\/\/www.tucomarca.com\/wordpress\/segunda\/wp-json\/wp\/v2\/posts\/135152\/revisions"}],"wp:featuredmedia":[{"embeddable":true,"href":"https:\/\/www.tucomarca.com\/wordpress\/segunda\/wp-json\/wp\/v2\/media\/135153"}],"wp:attachment":[{"href":"https:\/\/www.tucomarca.com\/wordpress\/segunda\/wp-json\/wp\/v2\/media?parent=135152"}],"wp:term":[{"taxonomy":"category","embeddable":true,"href":"https:\/\/www.tucomarca.com\/wordpress\/segunda\/wp-json\/wp\/v2\/categories?post=135152"},{"taxonomy":"post_tag","embeddable":true,"href":"https:\/\/www.tucomarca.com\/wordpress\/segunda\/wp-json\/wp\/v2\/tags?post=135152"}],"curies":[{"name":"wp","href":"https:\/\/api.w.org\/{rel}","templated":true}]}}