{"id":135272,"date":"2021-06-14T10:19:00","date_gmt":"2021-06-14T09:19:00","guid":{"rendered":"http:\/\/www.tucomarca.com\/wordpress\/segunda\/?p=135272"},"modified":"2021-06-14T17:17:11","modified_gmt":"2021-06-14T16:17:11","slug":"la-denominacion-de-origen-valencia-logra-el-premio-al-mejor-consejo-regulador-de-vino-2020","status":"publish","type":"post","link":"https:\/\/www.tucomarca.com\/wordpress\/segunda\/la-denominacion-de-origen-valencia-logra-el-premio-al-mejor-consejo-regulador-de-vino-2020\/","title":{"rendered":"La Denominaci\u00f3n de Origen Valencia logra el premio al Mejor Consejo Regulador de vino 2020"},"content":{"rendered":"\n<p>La Denominaci\u00f3n de Origen Valencia est\u00e1 de enhorabuena, tras lograr el galard\u00f3n al Mejor Consejo Regulador de Vino 2020, en los Premios Verema. Un certamen en el que son los mismos aficionados y participantes de esta gran comunidad del vino, quienes votan a los nominados.<\/p>\n\n\n\n<p>El presidente de la DO Valencia, Cosme Guti\u00e9rrez ha manifestado su enorme satisfacci\u00f3n por este reconocimiento, que es sin duda, \u201cel resultado del extraordinario trabajo realizado por todo el equipo que conforma este organismo: bodegas, en\u00f3logos, viticultores y comerciales entre otros, que d\u00eda a d\u00eda siguen esforz\u00e1ndose para dar a conocer y ofrecer sus mejores productos al p\u00fablico consumidor\u201d.<\/p>\n\n\n\n<p>Un galard\u00f3n que este a\u00f1o tiene adem\u00e1s&nbsp; un m\u00e9rito excepcional, \u201cdebido a la delicada situaci\u00f3n que hemos atravesado en el sector del vino, a causa de la pandemia y que no nos lo ha puesto nada f\u00e1cil\u201d, ha asegurado el presidente de esta entidad.<\/p>\n\n\n\n<p>Cabe recordar que la entrega de los Premios Verema 2020 tendr\u00e1 lugar el jueves 15 de julio, de 2021, a las 19 horas, en el Hotel Balneario Las Arenas, de Valencia. Informa, <strong>Luis Ib\u00e1\u00f1ez.<\/strong><\/p>\n","protected":false},"excerpt":{"rendered":"<div class=\"mh-excerpt\">La Denominaci\u00f3n de Origen Valencia est\u00e1 de enhorabuena, tras lograr el galard\u00f3n al Mejor Consejo Regulador de Vino 2020, en los Premios Verema. Un certamen en el que son los mismos aficionados y participantes de <a class=\"mh-excerpt-more\" href=\"https:\/\/www.tucomarca.com\/wordpress\/segunda\/la-denominacion-de-origen-valencia-logra-el-premio-al-mejor-consejo-regulador-de-vino-2020\/\" title=\"La Denominaci\u00f3n de Origen Valencia logra el premio al Mejor Consejo Regulador de vino 2020\">[+] <\/a><\/div>\n","protected":false},"author":12,"featured_media":135276,"comment_status":"open","ping_status":"open","sticky":false,"template":"","format":"standard","meta":{"footnotes":""},"categories":[169,112,236,113,37,138,139,128,8,72,111,117,7,28,27,140,3,235,29,234,120],"tags":[12984,14851],"class_list":{"0":"post-135272","1":"post","2":"type-post","3":"status-publish","4":"format-standard","5":"has-post-thumbnail","7":"category-agricultura-la-comarca","8":"category-campo-arcis","9":"category-camporrobles","10":"category-vinos","11":"category-caudete","12":"category-chera","13":"category-fuenterrobles","14":"category-infraestructuras","15":"category-la-comarca","16":"category-sin-categorizar","17":"category-las-cuevas","18":"category-medio-ambiente-la-comarca","19":"category-ocio-y-cultura","20":"category-requena","21":"category-requena-utiel","22":"category-san-antonio","23":"category-seccion","24":"category-sinarcas","25":"category-utiel","26":"category-venta-del-moro","27":"category-villargordo-del-cabriel","28":"tag-d-o-valencia","29":"tag-premios-verema-2020"},"_links":{"self":[{"href":"https:\/\/www.tucomarca.com\/wordpress\/segunda\/wp-json\/wp\/v2\/posts\/135272","targetHints":{"allow":["GET"]}}],"collection":[{"href":"https:\/\/www.tucomarca.com\/wordpress\/segunda\/wp-json\/wp\/v2\/posts"}],"about":[{"href":"https:\/\/www.tucomarca.com\/wordpress\/segunda\/wp-json\/wp\/v2\/types\/post"}],"author":[{"embeddable":true,"href":"https:\/\/www.tucomarca.com\/wordpress\/segunda\/wp-json\/wp\/v2\/users\/12"}],"replies":[{"embeddable":true,"href":"https:\/\/www.tucomarca.com\/wordpress\/segunda\/wp-json\/wp\/v2\/comments?post=135272"}],"version-history":[{"count":0,"href":"https:\/\/www.tucomarca.com\/wordpress\/segunda\/wp-json\/wp\/v2\/posts\/135272\/revisions"}],"wp:featuredmedia":[{"embeddable":true,"href":"https:\/\/www.tucomarca.com\/wordpress\/segunda\/wp-json\/wp\/v2\/media\/135276"}],"wp:attachment":[{"href":"https:\/\/www.tucomarca.com\/wordpress\/segunda\/wp-json\/wp\/v2\/media?parent=135272"}],"wp:term":[{"taxonomy":"category","embeddable":true,"href":"https:\/\/www.tucomarca.com\/wordpress\/segunda\/wp-json\/wp\/v2\/categories?post=135272"},{"taxonomy":"post_tag","embeddable":true,"href":"https:\/\/www.tucomarca.com\/wordpress\/segunda\/wp-json\/wp\/v2\/tags?post=135272"}],"curies":[{"name":"wp","href":"https:\/\/api.w.org\/{rel}","templated":true}]}}