{"id":135321,"date":"2021-06-14T22:00:00","date_gmt":"2021-06-14T21:00:00","guid":{"rendered":"http:\/\/www.tucomarca.com\/wordpress\/segunda\/?p=135321"},"modified":"2021-06-14T23:45:52","modified_gmt":"2021-06-14T22:45:52","slug":"el-pleno-de-riba-roja-defiende-el-origen-valenciano-de-las-bandas-de-musica-y-su-impregnacion-en-la-sociedad-local","status":"publish","type":"post","link":"https:\/\/www.tucomarca.com\/wordpress\/segunda\/el-pleno-de-riba-roja-defiende-el-origen-valenciano-de-las-bandas-de-musica-y-su-impregnacion-en-la-sociedad-local\/","title":{"rendered":"El pleno de Riba-roja defiende el origen valenciano de las bandas de m\u00fasica y su impregnaci\u00f3n en la sociedad local"},"content":{"rendered":"\n<h4 class=\"wp-block-heading\">Ratificada por unanimidad una propuesta institucional&nbsp;<\/h4>\n\n\n\n<p>El pleno del Ayuntamiento de Riba-roja de T\u00faria ha aprobado por unanimidad una Declaraci\u00f3n Institucional de apoyo a las bandas de m\u00fasica y su importante papel y la labor que realizan en el contexto de la Comunitat Valenciana. La propuesta ratificada insiste, adem\u00e1s, en la funci\u00f3n que llevan a cabo las bandas en la difusi\u00f3n y el legado social y cultural en el marco de las sociedades locales.&nbsp;<\/p>\n\n\n\n<p>El texto en el pleno de Riba-roja de T\u00faria ha sido aprobado con los votos del gobierno del PSPV, adem\u00e1s, del resto de formaciones con representaci\u00f3n municipal como el Partido Popular, Comprom\u00eds, Ciudadanos, Esquerra Unida, Vox y Podemos Riba-roja Puede. La propuesta se\u00f1ala el car\u00e1cter integrador de las bandas en el resto de Espa\u00f1a y en el \u00e1mbito internacional.&nbsp;<\/p>\n\n\n\n<p>La propuesta, con el apoyo de todos los grupos citados, reclama al Ministerio de Cultura y Deporte una rectificaci\u00f3n inmediata sobre la frase que conten\u00eda el decreto publicado en el Bolet\u00edn Oficial del Estado (BOE) el pasado 30 de marzo en la que el origen de este movimiento no se ajustaba a la realidad hist\u00f3rica. La petici\u00f3n socialista nace de la propuesta que la Federaci\u00f3n de Sociedades Musicales de la Comunitat Valenciana ha realizado al respecto.&nbsp;<\/p>\n\n\n\n<p>\u201cRiba-roja de T\u00faria reconoce la tarea que realizan las sociedades musicales de la Comunitat Valenciana y se une al reconocimiento que tanto desde el gobierno estatal como auton\u00f3mico han manifestado hacia las sociedades musicales, en la labor social, cultural y econ\u00f3mica que aportan a Espa\u00f1a, a la Comunitat Valenciana como al resto de municipios que la integran\u201d, se afirman en el texto.&nbsp;<\/p>\n\n\n\n<p>El pleno de Riba-roja de T\u00faria destacan que las sociedades musicales \u201cconforman un extraordinario fen\u00f3meno asociativo presente en el territorio de la Comunitat Valenciana, al generar a su alrededor espacios de relaci\u00f3n intergeneracional, desde sus or\u00edgenes hasta el d\u00eda de hoy la m\u00fasica de bandas halla su m\u00e1xima expresi\u00f3n, diversidad y grado de desarrollo en la Comunitat y su influencia en el resto de Espa\u00f1a y llegan, incluso, al nivel internacional\u201d.&nbsp;<\/p>\n\n\n\n<p>El ayuntamiento recuerda que las sociedades musicales valencianas \u201csuponen un recurso para el desarrollo local, tanto del turismo como de las industrias culturales y otros elementos materiales imprescindibles para su progreso, adem\u00e1s, los recursos que generan revierten directamente en el territorio de la Comunitat Valenciana, m\u00e1s de 1.110 bandas de m\u00fasica, m\u00e1s de 600 centros educativos, m\u00e1s de 40.000 m\u00fasicos, otros 60.000 alumnos y 200.000 socios y miles de voluntarios que componen una de las redes m\u00e1s extensas del pa\u00eds\u201d.&nbsp;<\/p>\n\n\n\n<p>Adem\u00e1s, el texto a\u00f1ade que la Generalitat Valenciana aprob\u00f3 en mayo de 2018 la declaraci\u00f3n como Bien de Inter\u00e9s Cultural Inmaterial (BIC) de las bandas, un reconocimiento hist\u00f3rico que contribuye a la protecci\u00f3n e impulso de las sociedades musicales y que viene a reafirmar su papel como uno de los principales agentes culturales de la Comunitat Valenciana y garantiza una serie de medidas de protecci\u00f3n y salvaguarda.&nbsp;<\/p>\n\n\n\n<p>Por todo ello, la moci\u00f3n concluye con un reconocimiento a su labor social y cultural en todos los \u00e1mbitos geogr\u00e1ficos y solicita una rectificaci\u00f3n del Ministerio de Cultura y Deporte sobre el origen de las sociedades musicales, ajustado a la realidad actual y que, sin duda, cabe hallar en la Comunitat Valenciana.&nbsp;<\/p>\n\n\n\n<p>El Ayuntamiento de Riba-roja se suma, adem\u00e1s, a la carta que la presidenta de la Federaci\u00f3n de Sociedad Musicales la presidenta de la Federaci\u00f3n de Sociedades Musicales de la Comunitat Valenciana, Daniela Gonz\u00e1lez Almansa, ha enviado al Ministro de Cultura y Deporte, Jos\u00e9 Manuel Rodr\u00edguez Uribes, para la rectificaci\u00f3n de la publicaci\u00f3n en el Bolet\u00edn Oficial del Estado del pasado 6 de mayo, en relaci\u00f3n al origen de las sociedades musicales de la Comunitat Valenciana.&nbsp;<\/p>\n","protected":false},"excerpt":{"rendered":"<div class=\"mh-excerpt\">Ratificada por unanimidad una propuesta institucional&nbsp; El pleno del Ayuntamiento de Riba-roja de T\u00faria ha aprobado por unanimidad una Declaraci\u00f3n Institucional de apoyo a las bandas de m\u00fasica y su importante papel y la labor <a class=\"mh-excerpt-more\" href=\"https:\/\/www.tucomarca.com\/wordpress\/segunda\/el-pleno-de-riba-roja-defiende-el-origen-valenciano-de-las-bandas-de-musica-y-su-impregnacion-en-la-sociedad-local\/\" title=\"El pleno de Riba-roja defiende el origen valenciano de las bandas de m\u00fasica y su impregnaci\u00f3n en la sociedad local\">[+] <\/a><\/div>\n","protected":false},"author":12,"featured_media":135322,"comment_status":"open","ping_status":"open","sticky":false,"template":"","format":"standard","meta":{"footnotes":""},"categories":[46,66,128,8,142,182,3],"tags":[3510,10395,8900],"class_list":{"0":"post-135321","1":"post","2":"type-post","3":"status-publish","4":"format-standard","5":"has-post-thumbnail","7":"category-camp-de-turia","8":"category-musica","9":"category-infraestructuras","10":"category-la-comarca","11":"category-politica-la-comarca","12":"category-riba-roja","13":"category-seccion","14":"tag-bandas-de-musica","15":"tag-camp-de-turia","16":"tag-riba-roja-del-turia"},"_links":{"self":[{"href":"https:\/\/www.tucomarca.com\/wordpress\/segunda\/wp-json\/wp\/v2\/posts\/135321","targetHints":{"allow":["GET"]}}],"collection":[{"href":"https:\/\/www.tucomarca.com\/wordpress\/segunda\/wp-json\/wp\/v2\/posts"}],"about":[{"href":"https:\/\/www.tucomarca.com\/wordpress\/segunda\/wp-json\/wp\/v2\/types\/post"}],"author":[{"embeddable":true,"href":"https:\/\/www.tucomarca.com\/wordpress\/segunda\/wp-json\/wp\/v2\/users\/12"}],"replies":[{"embeddable":true,"href":"https:\/\/www.tucomarca.com\/wordpress\/segunda\/wp-json\/wp\/v2\/comments?post=135321"}],"version-history":[{"count":0,"href":"https:\/\/www.tucomarca.com\/wordpress\/segunda\/wp-json\/wp\/v2\/posts\/135321\/revisions"}],"wp:featuredmedia":[{"embeddable":true,"href":"https:\/\/www.tucomarca.com\/wordpress\/segunda\/wp-json\/wp\/v2\/media\/135322"}],"wp:attachment":[{"href":"https:\/\/www.tucomarca.com\/wordpress\/segunda\/wp-json\/wp\/v2\/media?parent=135321"}],"wp:term":[{"taxonomy":"category","embeddable":true,"href":"https:\/\/www.tucomarca.com\/wordpress\/segunda\/wp-json\/wp\/v2\/categories?post=135321"},{"taxonomy":"post_tag","embeddable":true,"href":"https:\/\/www.tucomarca.com\/wordpress\/segunda\/wp-json\/wp\/v2\/tags?post=135321"}],"curies":[{"name":"wp","href":"https:\/\/api.w.org\/{rel}","templated":true}]}}