{"id":1356,"date":"2012-05-11T19:03:35","date_gmt":"2012-05-11T19:03:35","guid":{"rendered":"http:\/\/www.tucomarca.com\/wordpress\/segunda\/?p=1356"},"modified":"2012-05-12T13:18:13","modified_gmt":"2012-05-12T13:18:13","slug":"actuacion-de-la-big-band-del-conservatorio-profesional-de-musica-de-utiel","status":"publish","type":"post","link":"https:\/\/www.tucomarca.com\/wordpress\/segunda\/actuacion-de-la-big-band-del-conservatorio-profesional-de-musica-de-utiel\/","title":{"rendered":"Actuaci\u00f3n de la Big Band del Conservatorio Profesional de M\u00fasica de Utiel"},"content":{"rendered":"<figure id=\"attachment_1357\" aria-describedby=\"caption-attachment-1357\" style=\"width: 300px\" class=\"wp-caption alignleft\"><a href=\"https:\/\/www.tucomarca.com\/wordpress\/segunda\/wp-content\/uploads\/2012\/05\/1336477775_utiel-Big-Band-1.jpg\"><img loading=\"lazy\" decoding=\"async\" class=\"size-medium wp-image-1357 \" title=\"1336477775_utiel-Big-Band-1\" src=\"https:\/\/www.tucomarca.com\/wordpress\/segunda\/wp-content\/uploads\/2012\/05\/1336477775_utiel-Big-Band-1-300x225.jpg\" alt=\"La formaci\u00f3n se puede escuchar este s\u00e1bado en Utiel.\" width=\"300\" height=\"225\" srcset=\"https:\/\/www.tucomarca.com\/wordpress\/segunda\/wp-content\/uploads\/2012\/05\/1336477775_utiel-Big-Band-1-300x225.jpg 300w, https:\/\/www.tucomarca.com\/wordpress\/segunda\/wp-content\/uploads\/2012\/05\/1336477775_utiel-Big-Band-1.jpg 800w\" sizes=\"auto, (max-width: 300px) 100vw, 300px\" \/><\/a><figcaption id=\"caption-attachment-1357\" class=\"wp-caption-text\">La formaci\u00f3n se puede escuchar este s\u00e1bado en Utiel.<\/figcaption><\/figure>\n<p>Este s\u00e1bado, 12 de mayo 2012, a partir de las 20:00 hras, la Big Band del Conservatorio Profesional de M\u00fasica de Utiel ofrecer\u00e1 un concierto especialde una formaci\u00f3n compuesta por alumnos y  profesores del conservatorio profesional de m\u00fasica de Utiel.<\/p>\n<p>Rosario Espert (saxof\u00f3n)<br \/>\nMiguel Angel Almonacid (Piano)<br \/>\nRober Molina (Bajo)<br \/>\nMiguel Hernandez (Bateria)<br \/>\nSergio Perez (Trompeta)<br \/>\nMarcos Forner (Director)<\/p>\n<p>Invitados:<br \/>\nLydia Peters (Voz)<br \/>\nRafa Junquero (Voz)<br \/>\nCarlos Martin (Trombon)<br \/>\nFco. Blanco \u00abLatino\u00bb (Saxo Bar\u00edtono y Flauta)<\/p>\n","protected":false},"excerpt":{"rendered":"<div class=\"mh-excerpt\">Este s\u00e1bado, 12 de mayo 2012, a partir de las 20:00 hras, la Big Band del Conservatorio Profesional de M\u00fasica de Utiel ofrecer\u00e1 un concierto especialde una formaci\u00f3n compuesta por alumnos y profesores del conservatorio <a class=\"mh-excerpt-more\" href=\"https:\/\/www.tucomarca.com\/wordpress\/segunda\/actuacion-de-la-big-band-del-conservatorio-profesional-de-musica-de-utiel\/\" title=\"Actuaci\u00f3n de la Big Band del Conservatorio Profesional de M\u00fasica de Utiel\">[+] <\/a><\/div>\n","protected":false},"author":1,"featured_media":1357,"comment_status":"open","ping_status":"open","sticky":false,"template":"","format":"standard","meta":{"footnotes":""},"categories":[66,7,27,3,29],"tags":[],"class_list":{"0":"post-1356","1":"post","2":"type-post","3":"status-publish","4":"format-standard","5":"has-post-thumbnail","7":"category-musica","8":"category-ocio-y-cultura","9":"category-requena-utiel","10":"category-seccion","11":"category-utiel"},"_links":{"self":[{"href":"https:\/\/www.tucomarca.com\/wordpress\/segunda\/wp-json\/wp\/v2\/posts\/1356","targetHints":{"allow":["GET"]}}],"collection":[{"href":"https:\/\/www.tucomarca.com\/wordpress\/segunda\/wp-json\/wp\/v2\/posts"}],"about":[{"href":"https:\/\/www.tucomarca.com\/wordpress\/segunda\/wp-json\/wp\/v2\/types\/post"}],"author":[{"embeddable":true,"href":"https:\/\/www.tucomarca.com\/wordpress\/segunda\/wp-json\/wp\/v2\/users\/1"}],"replies":[{"embeddable":true,"href":"https:\/\/www.tucomarca.com\/wordpress\/segunda\/wp-json\/wp\/v2\/comments?post=1356"}],"version-history":[{"count":0,"href":"https:\/\/www.tucomarca.com\/wordpress\/segunda\/wp-json\/wp\/v2\/posts\/1356\/revisions"}],"wp:featuredmedia":[{"embeddable":true,"href":"https:\/\/www.tucomarca.com\/wordpress\/segunda\/wp-json\/wp\/v2\/media\/1357"}],"wp:attachment":[{"href":"https:\/\/www.tucomarca.com\/wordpress\/segunda\/wp-json\/wp\/v2\/media?parent=1356"}],"wp:term":[{"taxonomy":"category","embeddable":true,"href":"https:\/\/www.tucomarca.com\/wordpress\/segunda\/wp-json\/wp\/v2\/categories?post=1356"},{"taxonomy":"post_tag","embeddable":true,"href":"https:\/\/www.tucomarca.com\/wordpress\/segunda\/wp-json\/wp\/v2\/tags?post=1356"}],"curies":[{"name":"wp","href":"https:\/\/api.w.org\/{rel}","templated":true}]}}