{"id":135649,"date":"2021-06-18T12:00:00","date_gmt":"2021-06-18T11:00:00","guid":{"rendered":"http:\/\/www.tucomarca.com\/wordpress\/segunda\/?p=135649"},"modified":"2021-06-18T19:52:33","modified_gmt":"2021-06-18T18:52:33","slug":"el-cantante-bunolense-angel-bellido-lanza-el-25-de-junio-su-nueva-produccion-de-estudio-mi-verdad","status":"publish","type":"post","link":"https:\/\/www.tucomarca.com\/wordpress\/segunda\/el-cantante-bunolense-angel-bellido-lanza-el-25-de-junio-su-nueva-produccion-de-estudio-mi-verdad\/","title":{"rendered":"El cantante bu\u00f1olense \u00c1ngel Bellido lanza el 25 de junio su nueva producci\u00f3n de estudio \u201cMi verdad\u201d"},"content":{"rendered":"\n<p>\u201cMi verdad\u00bb es el nombre de su nueva producci\u00f3n musical de estudio, de su propia autor\u00eda, con sensaciones muy personales y de corte pop en esencia, \u00c1ngel\u00a0 ha compuesto esta canci\u00f3n para el amor de su vida, su hijo. Una historia de superaci\u00f3n, donde se puede ver y sentir perfectamente el aut\u00e9ntico amor de un padre por su hijo, donde cualquiera puede sentirse identificado al escucharla, mientras su incre\u00edble y potente producci\u00f3n y acompa\u00f1ado de un cortometraje musical cuidado hasta el m\u00e1s m\u00ednimo detalle grabado por Bruno Mar\u00edn y producido por Sonia Soler y el propio \u00c1ngel Bellido, conduce a aquel que la escuche a trav\u00e9s de un viaje de sensaciones capaces de emocionar a cualquiera.<\/p>\n\n\n\n<p>En este nuevo proyecto han trabajado m\u00fasicos, productores e ingenieros de la talla de Richy Rojas (Miami), ganador del&nbsp; Latin Grammy quien ha trabajado como ingeniero de mezla y de mastering, mientras que Gustavo Ib\u00e1\u00f1ez (Valencia) ha estado a cargo como ingeniero de voces.<\/p>\n\n\n\n<p>\u201cSiento que esta canci\u00f3n sali\u00f3 del coraz\u00f3n, sue\u00f1o que alg\u00fan d\u00eda mi hijo pueda disfrutarla tanto como yo lo he hecho cre\u00e1ndola \u00bfque puede haber m\u00e1s grande que el amor de un hijo?\u00bb declaraba a <strong>tucomarca.com<\/strong> el cantante bu\u00f1olense.<\/p>\n\n\n\n<p>Bellido, que lleva muchos a\u00f1os en el mundo de la m\u00fasica y que ha triunfado encima de los escenarios de Estados Unidos, Puerto Rico y Rep\u00fablica Dominicana, sinti\u00f3 que su carrera daba un giro positivo al grabar la canci\u00f3n \u00abEsta vez\u00bb de g\u00e9nero Bachata con el grand\u00edsimo Daniel Santacruz, un tema incluido en su disco \u00abLarimar\u00bb, con el que ha llegado a lo m\u00e1s alto ganando el Latin Grammy al mejor \u00e1lbum bachata\/merengue de 2020.<\/p>\n","protected":false},"excerpt":{"rendered":"<div class=\"mh-excerpt\">\u201cMi verdad\u00bb es el nombre de su nueva producci\u00f3n musical de estudio, de su propia autor\u00eda, con sensaciones muy personales y de corte pop en esencia, \u00c1ngel\u00a0 ha compuesto esta canci\u00f3n para el amor de <a class=\"mh-excerpt-more\" href=\"https:\/\/www.tucomarca.com\/wordpress\/segunda\/el-cantante-bunolense-angel-bellido-lanza-el-25-de-junio-su-nueva-produccion-de-estudio-mi-verdad\/\" title=\"El cantante bu\u00f1olense \u00c1ngel Bellido lanza el 25 de junio su nueva producci\u00f3n de estudio \u201cMi verdad\u201d\">[+] <\/a><\/div>\n","protected":false},"author":12,"featured_media":135660,"comment_status":"open","ping_status":"open","sticky":false,"template":"","format":"standard","meta":{"footnotes":""},"categories":[18,66,8,10,7,3],"tags":[10757,5952,14886],"class_list":{"0":"post-135649","1":"post","2":"type-post","3":"status-publish","4":"format-standard","5":"has-post-thumbnail","7":"category-bunol","8":"category-musica","9":"category-la-comarca","10":"category-la-hoya","11":"category-ocio-y-cultura","12":"category-seccion","13":"tag-angel-bellido","14":"tag-la-hoya-de-bunol-chiva","15":"tag-mi-verdad"},"_links":{"self":[{"href":"https:\/\/www.tucomarca.com\/wordpress\/segunda\/wp-json\/wp\/v2\/posts\/135649","targetHints":{"allow":["GET"]}}],"collection":[{"href":"https:\/\/www.tucomarca.com\/wordpress\/segunda\/wp-json\/wp\/v2\/posts"}],"about":[{"href":"https:\/\/www.tucomarca.com\/wordpress\/segunda\/wp-json\/wp\/v2\/types\/post"}],"author":[{"embeddable":true,"href":"https:\/\/www.tucomarca.com\/wordpress\/segunda\/wp-json\/wp\/v2\/users\/12"}],"replies":[{"embeddable":true,"href":"https:\/\/www.tucomarca.com\/wordpress\/segunda\/wp-json\/wp\/v2\/comments?post=135649"}],"version-history":[{"count":0,"href":"https:\/\/www.tucomarca.com\/wordpress\/segunda\/wp-json\/wp\/v2\/posts\/135649\/revisions"}],"wp:featuredmedia":[{"embeddable":true,"href":"https:\/\/www.tucomarca.com\/wordpress\/segunda\/wp-json\/wp\/v2\/media\/135660"}],"wp:attachment":[{"href":"https:\/\/www.tucomarca.com\/wordpress\/segunda\/wp-json\/wp\/v2\/media?parent=135649"}],"wp:term":[{"taxonomy":"category","embeddable":true,"href":"https:\/\/www.tucomarca.com\/wordpress\/segunda\/wp-json\/wp\/v2\/categories?post=135649"},{"taxonomy":"post_tag","embeddable":true,"href":"https:\/\/www.tucomarca.com\/wordpress\/segunda\/wp-json\/wp\/v2\/tags?post=135649"}],"curies":[{"name":"wp","href":"https:\/\/api.w.org\/{rel}","templated":true}]}}