{"id":135768,"date":"2021-06-18T20:01:00","date_gmt":"2021-06-18T19:01:00","guid":{"rendered":"http:\/\/www.tucomarca.com\/wordpress\/segunda\/?p=135768"},"modified":"2021-06-18T21:19:38","modified_gmt":"2021-06-18T20:19:38","slug":"las-entradas-anticipadas-para-el-cd-bunol-ud-vall-duxo-a-la-venta-a-partir-de-este-sabado","status":"publish","type":"post","link":"https:\/\/www.tucomarca.com\/wordpress\/segunda\/las-entradas-anticipadas-para-el-cd-bunol-ud-vall-duxo-a-la-venta-a-partir-de-este-sabado\/","title":{"rendered":"Las entradas anticipadas para el CD Bu\u00f1ol-UD Vall d&#8217;Ux\u00f3, a la venta a partir de este s\u00e1bado"},"content":{"rendered":"\n<p>Las entradas anticipadas para el partido de vuelta&nbsp; del play off de Ascenso a Tercera Divisi\u00f3n que enfrentar\u00e1 al CD Bu\u00f1ol contra la UD Vall d&#8217;Ux\u00f3 el pr\u00f3ximo martes, 22 de junio, a las 20,00 horas, estar\u00e1n disponibles en las oficinas del campo de f\u00fatbol  Beltr\u00e1n B\u00e1guena a partir de este s\u00e1bado, 19 de junio, en horario de 9,00 a 14,00 horas.<\/p>\n\n\n\n<p>Seg\u00fan informan desde el club, \u00abtodos los socios tienen su entrada reservada, que podr\u00e1 ser retirada en taquilla, hasta el lunes por la ma\u00f1ana, ense\u00f1ando el pase de asociado. Aquellas entradas que no hayan sido retiradas en este plazo, saldr\u00e1n a la venta al p\u00fablico en general, cuya venta anticipada se ampliar\u00e1 hasta el lunes por la tarde a las 21:30 horas. El resto de entradas (si quedan disponibles) se vender\u00e1n en taquilla\u00bb.<\/p>\n\n\n\n<p>El precio de la entrada para los socios es de 5 euros y de 10 euros para el p\u00fablico en general. El descuento para socios se aplicar\u00e1 a una entrada por pase de asociado. La entrada para menores a partir de 12 a\u00f1os ser\u00e1 a 5 euros.<\/p>\n\n\n\n<p>Como consecuencia de la limitaci\u00f3n de aforo y de la alta demanda de entradas prevista para el partido de play off de ascenso, desde el club se pide y recomienda retirar las entradas de manera anticipada.<\/p>\n","protected":false},"excerpt":{"rendered":"<div class=\"mh-excerpt\">Las entradas anticipadas para el partido de vuelta&nbsp; del play off de Ascenso a Tercera Divisi\u00f3n que enfrentar\u00e1 al CD Bu\u00f1ol contra la UD Vall d&#8217;Ux\u00f3 el pr\u00f3ximo martes, 22 de junio, a las 20,00 <a class=\"mh-excerpt-more\" href=\"https:\/\/www.tucomarca.com\/wordpress\/segunda\/las-entradas-anticipadas-para-el-cd-bunol-ud-vall-duxo-a-la-venta-a-partir-de-este-sabado\/\" title=\"Las entradas anticipadas para el CD Bu\u00f1ol-UD Vall d&#8217;Ux\u00f3, a la venta a partir de este s\u00e1bado\">[+] <\/a><\/div>\n","protected":false},"author":12,"featured_media":135770,"comment_status":"open","ping_status":"open","sticky":false,"template":"","format":"standard","meta":{"footnotes":""},"categories":[18,50,6,8,10,3],"tags":[10385,537,7894,5952,14913],"class_list":{"0":"post-135768","1":"post","2":"type-post","3":"status-publish","4":"format-standard","5":"has-post-thumbnail","7":"category-bunol","8":"category-futbol-deportes","9":"category-deportes","10":"category-la-comarca","11":"category-la-hoya","12":"category-seccion","13":"tag-bunol","14":"tag-cd-bunol","15":"tag-fase-ascenso","16":"tag-la-hoya-de-bunol-chiva","17":"tag-play-off"},"_links":{"self":[{"href":"https:\/\/www.tucomarca.com\/wordpress\/segunda\/wp-json\/wp\/v2\/posts\/135768","targetHints":{"allow":["GET"]}}],"collection":[{"href":"https:\/\/www.tucomarca.com\/wordpress\/segunda\/wp-json\/wp\/v2\/posts"}],"about":[{"href":"https:\/\/www.tucomarca.com\/wordpress\/segunda\/wp-json\/wp\/v2\/types\/post"}],"author":[{"embeddable":true,"href":"https:\/\/www.tucomarca.com\/wordpress\/segunda\/wp-json\/wp\/v2\/users\/12"}],"replies":[{"embeddable":true,"href":"https:\/\/www.tucomarca.com\/wordpress\/segunda\/wp-json\/wp\/v2\/comments?post=135768"}],"version-history":[{"count":0,"href":"https:\/\/www.tucomarca.com\/wordpress\/segunda\/wp-json\/wp\/v2\/posts\/135768\/revisions"}],"wp:featuredmedia":[{"embeddable":true,"href":"https:\/\/www.tucomarca.com\/wordpress\/segunda\/wp-json\/wp\/v2\/media\/135770"}],"wp:attachment":[{"href":"https:\/\/www.tucomarca.com\/wordpress\/segunda\/wp-json\/wp\/v2\/media?parent=135768"}],"wp:term":[{"taxonomy":"category","embeddable":true,"href":"https:\/\/www.tucomarca.com\/wordpress\/segunda\/wp-json\/wp\/v2\/categories?post=135768"},{"taxonomy":"post_tag","embeddable":true,"href":"https:\/\/www.tucomarca.com\/wordpress\/segunda\/wp-json\/wp\/v2\/tags?post=135768"}],"curies":[{"name":"wp","href":"https:\/\/api.w.org\/{rel}","templated":true}]}}