{"id":135783,"date":"2021-06-19T19:00:00","date_gmt":"2021-06-19T18:00:00","guid":{"rendered":"http:\/\/www.tucomarca.com\/wordpress\/segunda\/?p=135783"},"modified":"2021-06-19T19:43:26","modified_gmt":"2021-06-19T18:43:26","slug":"video-el-cd-bunol-piensa-ya-en-su-partido-contra-la-ud-vall-duxo-te-lo-vas-a-perder","status":"publish","type":"post","link":"https:\/\/www.tucomarca.com\/wordpress\/segunda\/video-el-cd-bunol-piensa-ya-en-su-partido-contra-la-ud-vall-duxo-te-lo-vas-a-perder\/","title":{"rendered":"V\u00eddeo: El CD Bu\u00f1ol piensa  ya en su partido contra la UD Vall d&#8217;Ux\u00f3 \u00bfTe lo vas a perder?"},"content":{"rendered":"\n<figure class=\"wp-block-embed is-type-video is-provider-youtube wp-block-embed-youtube wp-embed-aspect-16-9 wp-has-aspect-ratio\"><div class=\"wp-block-embed__wrapper\">\n<iframe loading=\"lazy\" title=\"CD Bu\u00f1ol - UD Vall d&#039;Ux\u00f3: \u00bfTe lo vas a perder?\" width=\"500\" height=\"281\" src=\"https:\/\/www.youtube.com\/embed\/SRd_wXU7310?feature=oembed\" frameborder=\"0\" allow=\"accelerometer; autoplay; clipboard-write; encrypted-media; gyroscope; picture-in-picture; web-share\" referrerpolicy=\"strict-origin-when-cross-origin\" allowfullscreen><\/iframe>\n<\/div><\/figure>\n\n\n\n<p>Promocional elaborador por <strong>tucomarca televisi\u00f3n<\/strong> del pr\u00f3ximo partido que enfrentar\u00e1 este martes a las 20,00 horas en el viejo Beltr\u00e1n B\u00e1guena al Club Deportivo Bu\u00f1ol y a la UD Vall d&#8217;Ux\u00f3 por un puesto en la final del pr\u00f3ximo s\u00e1bado en X\u00e0tiva que decidir\u00e1 quien de los mejores equipos de la Regional Preferente de este a\u00f1o ascienden a Tercera Divisi\u00f3n.<\/p>\n","protected":false},"excerpt":{"rendered":"<div class=\"mh-excerpt\">Promocional elaborador por tucomarca televisi\u00f3n del pr\u00f3ximo partido que enfrentar\u00e1 este martes a las 20,00 horas en el viejo Beltr\u00e1n B\u00e1guena al Club Deportivo Bu\u00f1ol y a la UD Vall d&#8217;Ux\u00f3 por un puesto en <a class=\"mh-excerpt-more\" href=\"https:\/\/www.tucomarca.com\/wordpress\/segunda\/video-el-cd-bunol-piensa-ya-en-su-partido-contra-la-ud-vall-duxo-te-lo-vas-a-perder\/\" title=\"V\u00eddeo: El CD Bu\u00f1ol piensa  ya en su partido contra la UD Vall d&#8217;Ux\u00f3 \u00bfTe lo vas a perder?\">[+] <\/a><\/div>\n","protected":false},"author":1,"featured_media":135784,"comment_status":"open","ping_status":"open","sticky":false,"template":"","format":"video","meta":{"footnotes":""},"categories":[18,50,6,72,10,3,45,26],"tags":[537,10379,44,5952,12801,4714],"class_list":{"0":"post-135783","1":"post","2":"type-post","3":"status-publish","4":"format-video","5":"has-post-thumbnail","7":"category-bunol","8":"category-futbol-deportes","9":"category-deportes","10":"category-sin-categorizar","11":"category-la-hoya","12":"category-seccion","13":"category-ventana","14":"category-video","15":"tag-cd-bunol","16":"tag-deportes","17":"tag-futbol","18":"tag-la-hoya-de-bunol-chiva","19":"tag-regional-preferente","20":"tag-tercera-division","21":"post_format-post-format-video"},"_links":{"self":[{"href":"https:\/\/www.tucomarca.com\/wordpress\/segunda\/wp-json\/wp\/v2\/posts\/135783","targetHints":{"allow":["GET"]}}],"collection":[{"href":"https:\/\/www.tucomarca.com\/wordpress\/segunda\/wp-json\/wp\/v2\/posts"}],"about":[{"href":"https:\/\/www.tucomarca.com\/wordpress\/segunda\/wp-json\/wp\/v2\/types\/post"}],"author":[{"embeddable":true,"href":"https:\/\/www.tucomarca.com\/wordpress\/segunda\/wp-json\/wp\/v2\/users\/1"}],"replies":[{"embeddable":true,"href":"https:\/\/www.tucomarca.com\/wordpress\/segunda\/wp-json\/wp\/v2\/comments?post=135783"}],"version-history":[{"count":0,"href":"https:\/\/www.tucomarca.com\/wordpress\/segunda\/wp-json\/wp\/v2\/posts\/135783\/revisions"}],"wp:featuredmedia":[{"embeddable":true,"href":"https:\/\/www.tucomarca.com\/wordpress\/segunda\/wp-json\/wp\/v2\/media\/135784"}],"wp:attachment":[{"href":"https:\/\/www.tucomarca.com\/wordpress\/segunda\/wp-json\/wp\/v2\/media?parent=135783"}],"wp:term":[{"taxonomy":"category","embeddable":true,"href":"https:\/\/www.tucomarca.com\/wordpress\/segunda\/wp-json\/wp\/v2\/categories?post=135783"},{"taxonomy":"post_tag","embeddable":true,"href":"https:\/\/www.tucomarca.com\/wordpress\/segunda\/wp-json\/wp\/v2\/tags?post=135783"}],"curies":[{"name":"wp","href":"https:\/\/api.w.org\/{rel}","templated":true}]}}