{"id":136100,"date":"2021-06-23T08:01:00","date_gmt":"2021-06-23T07:01:00","guid":{"rendered":"http:\/\/www.tucomarca.com\/wordpress\/segunda\/?p=136100"},"modified":"2021-06-24T00:01:36","modified_gmt":"2021-06-23T23:01:36","slug":"los-alumnos-de-teatro-de-los-colegios-publicos-de-bunol-celebran-sus-finales-de-curso-en-el-auditorio-de-san-luis","status":"publish","type":"post","link":"https:\/\/www.tucomarca.com\/wordpress\/segunda\/los-alumnos-de-teatro-de-los-colegios-publicos-de-bunol-celebran-sus-finales-de-curso-en-el-auditorio-de-san-luis\/","title":{"rendered":"Los alumnos de teatro de los colegios p\u00fablicos de Bu\u00f1ol celebran sus finales de curso en el auditorio de San Luis"},"content":{"rendered":"\n<h4 class=\"wp-block-heading\">Los alumnos de la Escuela Municipal de Teatro, que han impartido clases en horario extraescolar este curso 2020-2021 en los dos colegios p\u00fablicos de Bu\u00f1ol, celebran sus fines de curso esta tarde en el Auditorio Municipal de San Luis.<\/h4>\n\n\n\n<p>Los alumnos de teatro de los colegios San Luis y Cervantes celebran hoy mi\u00e9rcoles 23 de junio en el Auditorio Municipal de San Luis un especial fin de curso. A las 19h los alumnos del Colegio P\u00fablico San Luis actuar\u00e1n con su obra \u201cAdi\u00f3s Peter Pan\u201d y los del Cervantes a las 20.30h con \u201cCastigados\u201d. La entrada ser\u00e1 gratuita. Este acto est\u00e1 organizado por la Concejal\u00eda de Cultura del Ayuntamiento de Bu\u00f1ol y la Escuela Municipal de Teatro. En caso de que haya riesgo de lluvia este acto se realizar\u00e1 en la Sala El Mercado de la localidad. En ese caso ser\u00e1 comunicado con antelaci\u00f3n.&nbsp;<\/p>\n\n\n\n<p>Juan Luis Pall\u00e1s, concejal de Cultura y Juventud del Ayuntamiento de Bu\u00f1ol, ha recordado que esta semana pr\u00f3xima contin\u00faa el ciclo de creatividad para j\u00f3venes Crear-Te con el taller de iniciaci\u00f3n a la m\u00fasica rock. Tendr\u00e1 lugar el lunes 28 de junio a las 16h en las instalaciones de la Escuela de M\u00fasica del CIM La Arm\u00f3nica de Bu\u00f1ol y el mi\u00e9rcoles 30 de junio a las 20.30h en la Plaza Layana ser\u00e1 una audici\u00f3n final con todos los que han participado en este taller. Est\u00e1 destinado para j\u00f3venes entre 12 y 30 a\u00f1os. Las plazas est\u00e1n pr\u00e1cticamente agotadas. Todav\u00eda pueden inscribirse los interesados enviando un mail a <a href=\"mailto:juventudbunyol@gmail.com\">juventudbunyol@gmail.com<\/a> o llamando al 680 566 394.&nbsp;<\/p>\n\n\n\n<p>Este ciclo est\u00e1 organizado por la Concejal\u00eda de Juventud del Ayuntamiento de Bu\u00f1ol, la Diputaci\u00f3n de Valencia y el IVAJ de la Generalitat Valenciana.&nbsp;<\/p>\n","protected":false},"excerpt":{"rendered":"<div class=\"mh-excerpt\">Los alumnos de la Escuela Municipal de Teatro, que han impartido clases en horario extraescolar este curso 2020-2021 en los dos colegios p\u00fablicos de Bu\u00f1ol, celebran sus fines de curso esta tarde en el Auditorio <a class=\"mh-excerpt-more\" href=\"https:\/\/www.tucomarca.com\/wordpress\/segunda\/los-alumnos-de-teatro-de-los-colegios-publicos-de-bunol-celebran-sus-finales-de-curso-en-el-auditorio-de-san-luis\/\" title=\"Los alumnos de teatro de los colegios p\u00fablicos de Bu\u00f1ol celebran sus finales de curso en el auditorio de San Luis\">[+] <\/a><\/div>\n","protected":false},"author":12,"featured_media":136102,"comment_status":"open","ping_status":"open","sticky":false,"template":"","format":"standard","meta":{"footnotes":""},"categories":[4,18,128,8,10,7,3],"tags":[14563,5335,10385,7705,10782,14655,507,5952,14947],"class_list":{"0":"post-136100","1":"post","2":"type-post","3":"status-publish","4":"format-standard","5":"has-post-thumbnail","7":"category-agenda","8":"category-bunol","9":"category-infraestructuras","10":"category-la-comarca","11":"category-la-hoya","12":"category-ocio-y-cultura","13":"category-seccion","14":"tag-auditorio-municipal","15":"tag-ayuntamiento-de-bunol","16":"tag-bunol","17":"tag-ceip-cervantes","18":"tag-ceip-san-luis-de-bunol","19":"tag-crear-te","20":"tag-ivaj","21":"tag-la-hoya-de-bunol-chiva","22":"tag-taller-de-iniciacion-a-la-musica-rock"},"_links":{"self":[{"href":"https:\/\/www.tucomarca.com\/wordpress\/segunda\/wp-json\/wp\/v2\/posts\/136100","targetHints":{"allow":["GET"]}}],"collection":[{"href":"https:\/\/www.tucomarca.com\/wordpress\/segunda\/wp-json\/wp\/v2\/posts"}],"about":[{"href":"https:\/\/www.tucomarca.com\/wordpress\/segunda\/wp-json\/wp\/v2\/types\/post"}],"author":[{"embeddable":true,"href":"https:\/\/www.tucomarca.com\/wordpress\/segunda\/wp-json\/wp\/v2\/users\/12"}],"replies":[{"embeddable":true,"href":"https:\/\/www.tucomarca.com\/wordpress\/segunda\/wp-json\/wp\/v2\/comments?post=136100"}],"version-history":[{"count":0,"href":"https:\/\/www.tucomarca.com\/wordpress\/segunda\/wp-json\/wp\/v2\/posts\/136100\/revisions"}],"wp:featuredmedia":[{"embeddable":true,"href":"https:\/\/www.tucomarca.com\/wordpress\/segunda\/wp-json\/wp\/v2\/media\/136102"}],"wp:attachment":[{"href":"https:\/\/www.tucomarca.com\/wordpress\/segunda\/wp-json\/wp\/v2\/media?parent=136100"}],"wp:term":[{"taxonomy":"category","embeddable":true,"href":"https:\/\/www.tucomarca.com\/wordpress\/segunda\/wp-json\/wp\/v2\/categories?post=136100"},{"taxonomy":"post_tag","embeddable":true,"href":"https:\/\/www.tucomarca.com\/wordpress\/segunda\/wp-json\/wp\/v2\/tags?post=136100"}],"curies":[{"name":"wp","href":"https:\/\/api.w.org\/{rel}","templated":true}]}}