{"id":136117,"date":"2021-06-23T09:59:00","date_gmt":"2021-06-23T08:59:00","guid":{"rendered":"http:\/\/www.tucomarca.com\/wordpress\/segunda\/?p=136117"},"modified":"2021-06-23T23:54:57","modified_gmt":"2021-06-23T22:54:57","slug":"jovenes-estudiantes-de-leliana-aprenden-sobre-primeros-auxilios","status":"publish","type":"post","link":"https:\/\/www.tucomarca.com\/wordpress\/segunda\/jovenes-estudiantes-de-leliana-aprenden-sobre-primeros-auxilios\/","title":{"rendered":"J\u00f3venes estudiantes de l\u2019Eliana aprenden sobre primeros auxilios"},"content":{"rendered":"\n<h4 class=\"wp-block-heading\">Las charlas, dirigidas a alumnos y alumnas de 4\u00ba de la ESO del IES, se imparten este lunes y martes.<\/h4>\n\n\n\n<p>Dentro del Plan Local de Juventud y de Estrategia Valenciana de la Juventud, estudiantes de 4\u00ba de la ESO del IES l\u2019Eliana ha participado este lunes y martes en un curso de primero auxilios. Dirigido a 140 j\u00f3venes, de entre 15 y 16 a\u00f1os, el curso tiene como objetivo dotar de los conocimientos y habilidades necesarios para poder actuar en caso de emergencia en su entorno cotidiano.&nbsp;<\/p>\n\n\n\n<p>La actividad, que ha contado con la participaci\u00f3n de la Polic\u00eda Local de l\u2019Eliana, parte de un estudio de necesidad por parte de los y las j\u00f3venes y de las propuestas realizadas por los centros educativos de la localidad. En ella los y las estudiantes han recibido consejos, conocimientos pr\u00e1cticos sobre la correcta posici\u00f3n lateral de seguridad, los tel\u00e9fonos de emergencias y recursos para aprender a decir no a propuestas perniciosas.<\/p>\n\n\n\n<p>Tal y como ha explicado el edil, Jorge P\u00e9rez Comeche, el objetivo del \u00e1rea de Juventud es ofrecer herramientas para aprender y construir su futuro sobre la base de habilidades de utilidad para su d\u00eda a d\u00eda. \u201c<em>Esta&nbsp; actividad resulta de gran inter\u00e9s para los y las j\u00f3venes para que puedan asistir a sus amigos y compa\u00f1eros en una posible situaci\u00f3n de emergencia<\/em>\u201d, ha asegurado.<\/p>\n","protected":false},"excerpt":{"rendered":"<div class=\"mh-excerpt\">Las charlas, dirigidas a alumnos y alumnas de 4\u00ba de la ESO del IES, se imparten este lunes y martes. Dentro del Plan Local de Juventud y de Estrategia Valenciana de la Juventud, estudiantes de <a class=\"mh-excerpt-more\" href=\"https:\/\/www.tucomarca.com\/wordpress\/segunda\/jovenes-estudiantes-de-leliana-aprenden-sobre-primeros-auxilios\/\" title=\"J\u00f3venes estudiantes de l\u2019Eliana aprenden sobre primeros auxilios\">[+] <\/a><\/div>\n","protected":false},"author":12,"featured_media":136119,"comment_status":"open","ping_status":"open","sticky":false,"template":"","format":"standard","meta":{"footnotes":""},"categories":[46,119,128,177,8,3],"tags":[10395,1507,10433,14950,5191],"class_list":{"0":"post-136117","1":"post","2":"type-post","3":"status-publish","4":"format-standard","5":"has-post-thumbnail","7":"category-camp-de-turia","8":"category-sanidad-la-comarca","9":"category-infraestructuras","10":"category-leliana","11":"category-la-comarca","12":"category-seccion","13":"tag-camp-de-turia","14":"tag-juventud","15":"tag-leliana","16":"tag-policia-local-de-leliana","17":"tag-primeros-auxilios"},"_links":{"self":[{"href":"https:\/\/www.tucomarca.com\/wordpress\/segunda\/wp-json\/wp\/v2\/posts\/136117","targetHints":{"allow":["GET"]}}],"collection":[{"href":"https:\/\/www.tucomarca.com\/wordpress\/segunda\/wp-json\/wp\/v2\/posts"}],"about":[{"href":"https:\/\/www.tucomarca.com\/wordpress\/segunda\/wp-json\/wp\/v2\/types\/post"}],"author":[{"embeddable":true,"href":"https:\/\/www.tucomarca.com\/wordpress\/segunda\/wp-json\/wp\/v2\/users\/12"}],"replies":[{"embeddable":true,"href":"https:\/\/www.tucomarca.com\/wordpress\/segunda\/wp-json\/wp\/v2\/comments?post=136117"}],"version-history":[{"count":0,"href":"https:\/\/www.tucomarca.com\/wordpress\/segunda\/wp-json\/wp\/v2\/posts\/136117\/revisions"}],"wp:featuredmedia":[{"embeddable":true,"href":"https:\/\/www.tucomarca.com\/wordpress\/segunda\/wp-json\/wp\/v2\/media\/136119"}],"wp:attachment":[{"href":"https:\/\/www.tucomarca.com\/wordpress\/segunda\/wp-json\/wp\/v2\/media?parent=136117"}],"wp:term":[{"taxonomy":"category","embeddable":true,"href":"https:\/\/www.tucomarca.com\/wordpress\/segunda\/wp-json\/wp\/v2\/categories?post=136117"},{"taxonomy":"post_tag","embeddable":true,"href":"https:\/\/www.tucomarca.com\/wordpress\/segunda\/wp-json\/wp\/v2\/tags?post=136117"}],"curies":[{"name":"wp","href":"https:\/\/api.w.org\/{rel}","templated":true}]}}