{"id":136558,"date":"2021-07-01T12:17:00","date_gmt":"2021-07-01T11:17:00","guid":{"rendered":"http:\/\/www.tucomarca.com\/wordpress\/segunda\/?p=136558"},"modified":"2021-07-01T19:57:58","modified_gmt":"2021-07-01T18:57:58","slug":"el-festival-de-cine-infantil-y-juvenil-pantalla-alborache-invita-a-ninos-ninas-y-jovenes-a-formar-parte-del-jurado-infantil","status":"publish","type":"post","link":"https:\/\/www.tucomarca.com\/wordpress\/segunda\/el-festival-de-cine-infantil-y-juvenil-pantalla-alborache-invita-a-ninos-ninas-y-jovenes-a-formar-parte-del-jurado-infantil\/","title":{"rendered":"El Festival de Cine Infantil y Juvenil Pantalla Alborache invita a ni\u00f1os, ni\u00f1as y j\u00f3venes a formar parte del jurado infantil"},"content":{"rendered":"\n<h4 class=\"wp-block-heading\">Un correo electr\u00f3nico con nombre, apellidos y edad permitir\u00e1 a los asistentes recibir un kit de regalo y formar parte del jurado infantil.<\/h4>\n\n\n\n<p>Quedan s\u00f3lo 10 d\u00edas para que comience la primera edici\u00f3n del <strong>Festival Internacional de Cine Infantil y Juvenil Pantalla Alborache<\/strong>, que se celebrar\u00e1 del 10 al 17 de julio de 2021. Este festival ser\u00e1 al aire libre y la entrada es gratuita, hasta completar el aforo.<\/p>\n\n\n\n<p>Los ni\u00f1os, ni\u00f1as y j\u00f3venes asistentes van a ser protagonistas por un doble motivo: la programaci\u00f3n est\u00e1 seleccionada pensando en sus intereses y, adem\u00e1s, van a poder formar parte del jurado infantil. Sus votaciones se sumar\u00e1n a las del jurado de expertos internacionales en cine infantil y juvenil, y tendr\u00e1n un peso importante en la decisi\u00f3n final.<\/p>\n\n\n\n<p>Para formar parte del jurado infantil se ha de inscribir a los menores de 18 a\u00f1os, enviando nombre, apellidos y edad al correo electr\u00f3nico <a href=\"mailto:pantallaalborache@alborache.es\">pantallaalborache@alborache.es<\/a>. Al finalizar cada proyecci\u00f3n valorar\u00e1n la pel\u00edcula y los resultados se a\u00f1adir\u00e1n a las votaciones del jurado profesional. Adem\u00e1s, los ni\u00f1os, ni\u00f1as y j\u00f3venes que se inscriban recibir\u00e1n un kit de regalo con algunas sorpresas.<\/p>\n\n\n\n<p>El Ayuntamiento de Alborache plantea una convocatoria l\u00fadica y cultural pensando espec\u00edficamente en la infancia y juventud de la comarca. Adem\u00e1s de la gran calidad de las pel\u00edculas programadas, antes de las proyecciones habr\u00e1 animaci\u00f3n musical tambi\u00e9n protagonizada por ni\u00f1os y ni\u00f1as, gracias a la participaci\u00f3n de la escuela de m\u00fasica Voluta, la Big Band de la escuela Gen\u00e7ana o la banda de la SIM La Primitiva de Alborache.<\/p>\n\n\n\n<p>En la programaci\u00f3n destacan algunas de las pel\u00edculas para todos los p\u00fablicos del a\u00f1o pasado, como <em>Las Ni\u00f1as<\/em>, ganadora de 5 premios Goya, <em>Mi hermano persigue dinoasurios<\/em>, <em>Binti<\/em> o <em>Coraz\u00f3n de Mezquite<\/em>. Diversidad, discapacidad, racismo\u2026 Pantalla Alborache tiene como objetivo aprovechar el arte cinematogr\u00e1fico para educar en valores y crear una conciencia cr\u00edtica que los peque\u00f1os espectadores de hoy, para que sean grandes personas ma\u00f1ana.<\/p>\n\n\n\n<p>Programaci\u00f3n detallada e informaci\u00f3n sobre las pel\u00edculas en <a href=\"http:\/\/www.alborache.es\">www.alborache.es<\/a>.<\/p>\n\n\n\n<p>V\u00eddeo de presentaci\u00f3n de Pantalla Alborache en <a href=\"https:\/\/www.youtube.com\/watch?v=S0c2f9pBoIc\">este enlace<\/a>.<\/p>\n","protected":false},"excerpt":{"rendered":"<div class=\"mh-excerpt\">Un correo electr\u00f3nico con nombre, apellidos y edad permitir\u00e1 a los asistentes recibir un kit de regalo y formar parte del jurado infantil. Quedan s\u00f3lo 10 d\u00edas para que comience la primera edici\u00f3n del Festival <a class=\"mh-excerpt-more\" href=\"https:\/\/www.tucomarca.com\/wordpress\/segunda\/el-festival-de-cine-infantil-y-juvenil-pantalla-alborache-invita-a-ninos-ninas-y-jovenes-a-formar-parte-del-jurado-infantil\/\" title=\"El Festival de Cine Infantil y Juvenil Pantalla Alborache invita a ni\u00f1os, ni\u00f1as y j\u00f3venes a formar parte del jurado infantil\">[+] <\/a><\/div>\n","protected":false},"author":12,"featured_media":135833,"comment_status":"open","ping_status":"open","sticky":false,"template":"","format":"standard","meta":{"footnotes":""},"categories":[19,8,10,7,3],"tags":[10755,14603,14994,5952,14602],"class_list":{"0":"post-136558","1":"post","2":"type-post","3":"status-publish","4":"format-standard","5":"has-post-thumbnail","7":"category-alborache","8":"category-la-comarca","9":"category-la-hoya","10":"category-ocio-y-cultura","11":"category-seccion","12":"tag-ayuntamiento-de-alborache","13":"tag-festival-de-cine-infantil-y-juvenil","14":"tag-jurado-infantil","15":"tag-la-hoya-de-bunol-chiva","16":"tag-pantalla-alborache"},"_links":{"self":[{"href":"https:\/\/www.tucomarca.com\/wordpress\/segunda\/wp-json\/wp\/v2\/posts\/136558","targetHints":{"allow":["GET"]}}],"collection":[{"href":"https:\/\/www.tucomarca.com\/wordpress\/segunda\/wp-json\/wp\/v2\/posts"}],"about":[{"href":"https:\/\/www.tucomarca.com\/wordpress\/segunda\/wp-json\/wp\/v2\/types\/post"}],"author":[{"embeddable":true,"href":"https:\/\/www.tucomarca.com\/wordpress\/segunda\/wp-json\/wp\/v2\/users\/12"}],"replies":[{"embeddable":true,"href":"https:\/\/www.tucomarca.com\/wordpress\/segunda\/wp-json\/wp\/v2\/comments?post=136558"}],"version-history":[{"count":0,"href":"https:\/\/www.tucomarca.com\/wordpress\/segunda\/wp-json\/wp\/v2\/posts\/136558\/revisions"}],"wp:featuredmedia":[{"embeddable":true,"href":"https:\/\/www.tucomarca.com\/wordpress\/segunda\/wp-json\/wp\/v2\/media\/135833"}],"wp:attachment":[{"href":"https:\/\/www.tucomarca.com\/wordpress\/segunda\/wp-json\/wp\/v2\/media?parent=136558"}],"wp:term":[{"taxonomy":"category","embeddable":true,"href":"https:\/\/www.tucomarca.com\/wordpress\/segunda\/wp-json\/wp\/v2\/categories?post=136558"},{"taxonomy":"post_tag","embeddable":true,"href":"https:\/\/www.tucomarca.com\/wordpress\/segunda\/wp-json\/wp\/v2\/tags?post=136558"}],"curies":[{"name":"wp","href":"https:\/\/api.w.org\/{rel}","templated":true}]}}