{"id":136643,"date":"2021-07-02T07:00:00","date_gmt":"2021-07-02T06:00:00","guid":{"rendered":"http:\/\/www.tucomarca.com\/wordpress\/segunda\/?p=136643"},"modified":"2021-07-02T13:05:26","modified_gmt":"2021-07-02T12:05:26","slug":"unanimidad-en-el-plenario-de-bunol-para-rechazar-la-planta-de-energia-solar-prevista-en-la-zona-de-farrajon-2","status":"publish","type":"post","link":"https:\/\/www.tucomarca.com\/wordpress\/segunda\/unanimidad-en-el-plenario-de-bunol-para-rechazar-la-planta-de-energia-solar-prevista-en-la-zona-de-farrajon-2\/","title":{"rendered":"Unanimidad en el plenario de Bu\u00f1ol para rechazar la planta de energ\u00eda solar prevista en la zona de Farraj\u00f3n"},"content":{"rendered":"\n<p>El Ayuntamiento de Bu\u00f1ol ha celebrado el pleno ordinario correspondiente al mes de junio.<\/p>\n\n\n\n<p>En el mismo se aprobaron por unanimidad las festividades locales de 2022, que como es tradici\u00f3n, ser\u00e1n los d\u00edas de la Tomatina y la Festividad de San Luis en el mes de agosto.<\/p>\n\n\n\n<p>Adem\u00e1s se aprob\u00f3 la redacci\u00f3n del Plan de Emergencia Nuclear por unanimidad, para cumplir con la legislaci\u00f3n.<\/p>\n\n\n\n<p>Tras la daci\u00f3n de cuentas de los decretos de alcald\u00eda, Sandra Corach\u00e1n, concejala de Igualdad en el Ayuntamiento de Bu\u00f1ol, ley\u00f3 el manifiesto del D\u00eda Internacional del Orgullo LGTB+, con motivo del cual la fachada del consistorio luce la bandera de este colectivo.&nbsp;<\/p>\n\n\n\n<p><strong>Ruegos y preguntas<\/strong><\/p>\n\n\n\n<p>El edil de IAB, Jos\u00e9 Luis Carrascosa, pregunt\u00f3 por la limpieza de la zona del barranco bajo el Puente de la Venta, a lo que el Gobierno tom\u00f3 nota.<\/p>\n\n\n\n<p>Tambi\u00e9n pregunt\u00f3 por las gestiones tras aprobar el plenario hace un mes oponerse a la implantaci\u00f3n de una planta fotovoltaica en Farraj\u00f3n de la empresa Renovalia.<\/p>\n\n\n\n<p>El edil Rafa P\u00e9rez explic\u00f3 que se han mantenido una&nbsp; reuni\u00f3n con miembros de la plataforma, donde se les expuso la situaci\u00f3n y, aclararon unas dudas. Tambi\u00e9n hubo una reuni\u00f3n con la empresa promotora donde se les expuso la moci\u00f3n aprobada en pleno y que no se ve\u00eda con buenos ojos que se instalaran. La empresa asegur\u00f3 que ten\u00edan sus derechos.<\/p>\n\n\n\n<p>La asociaci\u00f3n hizo una petici\u00f3n para convocar reuni\u00f3n a nivel comarcal entre ayuntamientos que comparten estos problemas, incluso en parajes que compartimos con otros municipios, y tambi\u00e9n para reunirse con la Conselleria de industria que es la responsable.<\/p>\n\n\n\n<p>El \u00e1rea de Urbanismo est\u00e1 ultimando un informe sobre las acciones que puede emprender el ayuntamiento, finaliz\u00f3 Rafa P\u00e9rez.<\/p>\n\n\n\n<p>Desde el PP se pregunt\u00f3 por la informaci\u00f3n de un medio de comunicaci\u00f3n sobre la incineraci\u00f3n de residuos&nbsp; en la planta de Cemex, si era cierto y el tipo de productos.<\/p>\n\n\n\n<p>Rafa P\u00e9rez explic\u00f3 que la Autorizaci\u00f3n Ambiental Integrada de la planta no tiene nada que ver con los residuos sanitarios. La autorizaci\u00f3n ambiental se inicia en 2009. El Ayuntamiento en todas las opciones de alegaciones lo ha hecho, han alegado siempre que han podido, y se&nbsp; han tenido en cuenta, desde la reducci\u00f3n del tipo de residuos que pod\u00edan incinerar que no eran compatibles con la normativa municipal, igual que no se autoriz\u00f3 la planta de secado de lodos, tambi\u00e9n se tuvo en cuenta la petici\u00f3n de la autorizaci\u00f3n de vertidos. Ahora se han vuelto a hacer alegaciones sobre cuestiones t\u00e9cnicas que considera el Gobierno de Bu\u00f1ol inaceptables. &nbsp;<\/p>\n\n\n\n<p>A\u00fan as\u00ed Rafa P\u00e9rez asegur\u00f3 que lo normal es se autorice una actividad que ya ven\u00eda haciendo Cemex, ya que lo que pidieron fue ampliar en n\u00famero de actividades y de toneladas para incinerar.<\/p>\n","protected":false},"excerpt":{"rendered":"<div class=\"mh-excerpt\">El Ayuntamiento de Bu\u00f1ol ha celebrado el pleno ordinario correspondiente al mes de junio. En el mismo se aprobaron por unanimidad las festividades locales de 2022, que como es tradici\u00f3n, ser\u00e1n los d\u00edas de la <a class=\"mh-excerpt-more\" href=\"https:\/\/www.tucomarca.com\/wordpress\/segunda\/unanimidad-en-el-plenario-de-bunol-para-rechazar-la-planta-de-energia-solar-prevista-en-la-zona-de-farrajon-2\/\" title=\"Unanimidad en el plenario de Bu\u00f1ol para rechazar la planta de energ\u00eda solar prevista en la zona de Farraj\u00f3n\">[+] <\/a><\/div>\n","protected":false},"author":12,"featured_media":134240,"comment_status":"open","ping_status":"open","sticky":false,"template":"","format":"standard","meta":{"footnotes":""},"categories":[18,128,8,10,117,142,3],"tags":[10385,5952,15000,2830],"class_list":{"0":"post-136643","1":"post","2":"type-post","3":"status-publish","4":"format-standard","5":"has-post-thumbnail","7":"category-bunol","8":"category-infraestructuras","9":"category-la-comarca","10":"category-la-hoya","11":"category-medio-ambiente-la-comarca","12":"category-politica-la-comarca","13":"category-seccion","14":"tag-bunol","15":"tag-la-hoya-de-bunol-chiva","16":"tag-orgullo-lgtb","17":"tag-pleno-bunol"},"_links":{"self":[{"href":"https:\/\/www.tucomarca.com\/wordpress\/segunda\/wp-json\/wp\/v2\/posts\/136643","targetHints":{"allow":["GET"]}}],"collection":[{"href":"https:\/\/www.tucomarca.com\/wordpress\/segunda\/wp-json\/wp\/v2\/posts"}],"about":[{"href":"https:\/\/www.tucomarca.com\/wordpress\/segunda\/wp-json\/wp\/v2\/types\/post"}],"author":[{"embeddable":true,"href":"https:\/\/www.tucomarca.com\/wordpress\/segunda\/wp-json\/wp\/v2\/users\/12"}],"replies":[{"embeddable":true,"href":"https:\/\/www.tucomarca.com\/wordpress\/segunda\/wp-json\/wp\/v2\/comments?post=136643"}],"version-history":[{"count":0,"href":"https:\/\/www.tucomarca.com\/wordpress\/segunda\/wp-json\/wp\/v2\/posts\/136643\/revisions"}],"wp:featuredmedia":[{"embeddable":true,"href":"https:\/\/www.tucomarca.com\/wordpress\/segunda\/wp-json\/wp\/v2\/media\/134240"}],"wp:attachment":[{"href":"https:\/\/www.tucomarca.com\/wordpress\/segunda\/wp-json\/wp\/v2\/media?parent=136643"}],"wp:term":[{"taxonomy":"category","embeddable":true,"href":"https:\/\/www.tucomarca.com\/wordpress\/segunda\/wp-json\/wp\/v2\/categories?post=136643"},{"taxonomy":"post_tag","embeddable":true,"href":"https:\/\/www.tucomarca.com\/wordpress\/segunda\/wp-json\/wp\/v2\/tags?post=136643"}],"curies":[{"name":"wp","href":"https:\/\/api.w.org\/{rel}","templated":true}]}}