{"id":136707,"date":"2021-07-02T17:01:00","date_gmt":"2021-07-02T16:01:00","guid":{"rendered":"http:\/\/www.tucomarca.com\/wordpress\/segunda\/?p=136707"},"modified":"2021-07-02T22:05:52","modified_gmt":"2021-07-02T21:05:52","slug":"un-incendio-forestal-en-jalace-obliga-a-cortar-el-suministro-electrico-en-la-zona","status":"publish","type":"post","link":"https:\/\/www.tucomarca.com\/wordpress\/segunda\/un-incendio-forestal-en-jalace-obliga-a-cortar-el-suministro-electrico-en-la-zona\/","title":{"rendered":"Un incendio forestal en Jalace obliga a cortar el suministro el\u00e9ctrico en la zona"},"content":{"rendered":"\n<p>Un incendio forestal declarado en el t\u00e9rmino municipal de Jalance, concretamente en una zona pr\u00f3xima a la carretera N-330, ha obligado a cortar el suministro el\u00e9ctrico en la zona, tal como han informado desde el Consorcio Provincial de Bomberos.<\/p>\n\n\n\n<p>Seg\u00fan han informado desde el Centro de Coordinaci\u00f3n de emergencias, el siniestro ha obligado a establecer la situaci\u00f3n 1 del Pla Especial de Incendios Forestales as\u00ed como a interrumpir el servicio el\u00e9ctrico en el \u00e1rea para facilitar las tareas de extinci\u00f3n.<\/p>\n\n\n\n<p>Seg\u00fan las mismas fuentes, el incendio se ha declarado al mediod\u00eda de este viernes y en \u00e9l han participando 8 medios, 3 autobombas, 3 unidades de bomberos forestales, 7 brigadas de la Diputaci\u00f3 de Val\u00e8ncia, bomberos voluntarios de Cofrentes y    tres unidades de bomberos forestales de la Generalitat, tres autobombas, siete brigadas de la Diputaci\u00f3n (Jarafuel, Jalance, Teresa de Cofrentes, Moixent, Utiel, Sinarcas y Ayora), junto a bomberos voluntarios de Cofrentes y Ayora, un agente medioambiental y una dotaci\u00f3n del Consorcio Provincial.<\/p>\n","protected":false},"excerpt":{"rendered":"<div class=\"mh-excerpt\">Un incendio forestal declarado en el t\u00e9rmino municipal de Jalance, concretamente en una zona pr\u00f3xima a la carretera N-330, ha obligado a cortar el suministro el\u00e9ctrico en la zona, tal como han informado desde el <a class=\"mh-excerpt-more\" href=\"https:\/\/www.tucomarca.com\/wordpress\/segunda\/un-incendio-forestal-en-jalace-obliga-a-cortar-el-suministro-electrico-en-la-zona\/\" title=\"Un incendio forestal en Jalace obliga a cortar el suministro el\u00e9ctrico en la zona\">[+] <\/a><\/div>\n","protected":false},"author":1,"featured_media":136708,"comment_status":"open","ping_status":"open","sticky":false,"template":"","format":"standard","meta":{"footnotes":""},"categories":[38,128,230,8,72,117,3,116,45],"tags":[10540,212,10684],"class_list":{"0":"post-136707","1":"post","2":"type-post","3":"status-publish","4":"format-standard","5":"has-post-thumbnail","7":"category-ayora-cofrentes","8":"category-infraestructuras","9":"category-jalance","10":"category-la-comarca","11":"category-sin-categorizar","12":"category-medio-ambiente-la-comarca","13":"category-seccion","14":"category-sucesos-la-comarca","15":"category-ventana","16":"tag-ayora-cofrentes","17":"tag-incendio","18":"tag-jalance"},"_links":{"self":[{"href":"https:\/\/www.tucomarca.com\/wordpress\/segunda\/wp-json\/wp\/v2\/posts\/136707","targetHints":{"allow":["GET"]}}],"collection":[{"href":"https:\/\/www.tucomarca.com\/wordpress\/segunda\/wp-json\/wp\/v2\/posts"}],"about":[{"href":"https:\/\/www.tucomarca.com\/wordpress\/segunda\/wp-json\/wp\/v2\/types\/post"}],"author":[{"embeddable":true,"href":"https:\/\/www.tucomarca.com\/wordpress\/segunda\/wp-json\/wp\/v2\/users\/1"}],"replies":[{"embeddable":true,"href":"https:\/\/www.tucomarca.com\/wordpress\/segunda\/wp-json\/wp\/v2\/comments?post=136707"}],"version-history":[{"count":0,"href":"https:\/\/www.tucomarca.com\/wordpress\/segunda\/wp-json\/wp\/v2\/posts\/136707\/revisions"}],"wp:featuredmedia":[{"embeddable":true,"href":"https:\/\/www.tucomarca.com\/wordpress\/segunda\/wp-json\/wp\/v2\/media\/136708"}],"wp:attachment":[{"href":"https:\/\/www.tucomarca.com\/wordpress\/segunda\/wp-json\/wp\/v2\/media?parent=136707"}],"wp:term":[{"taxonomy":"category","embeddable":true,"href":"https:\/\/www.tucomarca.com\/wordpress\/segunda\/wp-json\/wp\/v2\/categories?post=136707"},{"taxonomy":"post_tag","embeddable":true,"href":"https:\/\/www.tucomarca.com\/wordpress\/segunda\/wp-json\/wp\/v2\/tags?post=136707"}],"curies":[{"name":"wp","href":"https:\/\/api.w.org\/{rel}","templated":true}]}}