{"id":136727,"date":"2021-06-30T15:00:00","date_gmt":"2021-06-30T14:00:00","guid":{"rendered":"http:\/\/www.tucomarca.com\/wordpress\/segunda\/?p=136727"},"modified":"2021-07-03T10:45:23","modified_gmt":"2021-07-03T09:45:23","slug":"el-ayuntamiento-de-bunol-lanza-la-marca-bunol-actua-turismo-cultural-con-una-amplia-programacion-cultural-este-verano-cultura-a-mano","status":"publish","type":"post","link":"https:\/\/www.tucomarca.com\/wordpress\/segunda\/el-ayuntamiento-de-bunol-lanza-la-marca-bunol-actua-turismo-cultural-con-una-amplia-programacion-cultural-este-verano-cultura-a-mano\/","title":{"rendered":"El Ayuntamiento de Bu\u00f1ol lanza la marca Bu\u00f1ol Act\u00faa Turismo Cultural con una amplia programaci\u00f3n cultural este verano \u201cCULTURA a-Mano\u201d"},"content":{"rendered":"\n<h4 class=\"wp-block-heading\">Todos los fines de semana de julio y agosto Bu\u00f1ol ofrecer\u00e1 la mejor m\u00fasica, para todos los gustos y de todos los tipos, adem\u00e1s de teatro o danza.&nbsp;<\/h4>\n\n\n\n<figure class=\"wp-block-image size-large\"><img loading=\"lazy\" decoding=\"async\" width=\"693\" height=\"984\" src=\"https:\/\/www.tucomarca.com\/wordpress\/segunda\/wp-content\/uploads\/2021\/07\/BunolCulturaaMano2.jpg\" alt=\"\" class=\"wp-image-136731\" srcset=\"https:\/\/www.tucomarca.com\/wordpress\/segunda\/wp-content\/uploads\/2021\/07\/BunolCulturaaMano2.jpg 693w, https:\/\/www.tucomarca.com\/wordpress\/segunda\/wp-content\/uploads\/2021\/07\/BunolCulturaaMano2-211x300.jpg 211w\" sizes=\"auto, (max-width: 693px) 100vw, 693px\" \/><\/figure>\n\n\n\n<p>El Ayuntamiento de Bu\u00f1ol lanza la marca: <strong><em>BU\u00d1OL ACT\u00daA \u2013 Turismo Cultural<\/em><\/strong>. Este verano Bu\u00f1ol como destino tur\u00edstico ofrece un amplio programa cultural todos los fines de semana de julio y agosto. Organiza las Concejal\u00edas de Cultura y Turismo, la Diputaci\u00f3n de Valencia, el SARC, el Circuit Cultural Valenci\u00e0, la Acad\u00e8mia Valenciana de la Llengua y Escena Erasmus de la Universitat de Val\u00e8ncia. En estos actos participan las dos sociedades musicales del municipio: la Sociedad Musical La Art\u00edstica y el Centro Instructivo Musical La Arm\u00f3nica.&nbsp;<\/p>\n\n\n\n<p>Los actos arrancan el pr\u00f3ximo domingo 4 de julio y finalizan el 19 de agosto. Van a desarrollarse en diversos enclaves y teatros del municipio: Auditorio Municipal San Luis, Paseo de San Luis, Teatro Montecarlo, Plaza de Armas, Palacio de la M\u00fasica, Plaza del Pueblo, Castillo de Bu\u00f1ol e Iglesia San Pedro Ap\u00f3stol.<\/p>\n\n\n\n<p>Juan Luis Pall\u00e1s, concejal de Cultura en el Ayuntamiento de Bu\u00f1ol, incide en la marca Bu\u00f1ol Act\u00faa \u2013 Turismo Cultural, para arrancar un gran proyecto, que tendr\u00e1 continuidad durante todo el a\u00f1o, con una programaci\u00f3n cultural \u00fanica e inmejorable unificada en el paraguas de BU\u00d1OL ACT\u00daA. \u201cEstos dos meses, julio y agosto, arrancamos con <strong>CULTURA a-Mano<\/strong>, ya que el concierto Mano a Mano es uno de nuestros baluartes, y queremos que nuestra identidad cultural, musical y art\u00edstica sea conocida por un turista aficionado a la cultura, procedente de toda la Comunitat o de cualquier rinc\u00f3n nacional\u201d, sentencia el edil. Las dos sociedades musicales bu\u00f1olenses nos dejar\u00e1n bell\u00edsimos conciertos por parte de sus agrupaciones, \u201cpero tambi\u00e9n recordamos que tendremos m\u00fasica rock, danza a\u00e9rea, jazz, o los j\u00f3venes \u201cVioloncelli Brothers\u201d. Arrancar\u00e1 este domingo con el Coro Orfeos de la SM La Art\u00edstica a las 20h en el Castillo de Bu\u00f1ol. Ah\u00ed se clausurar\u00e1 la exposici\u00f3n de la Seda que ha estado en la Oficina de Turismo y \u201cqu\u00e9 mejor manera, &#8211; aseguraba el edil del ramo -, que hacerlo con un concierto del Coro de La Art\u00edstica, que ir\u00e1n ataviados con Mantones de Manila, prenda t\u00edpica de \u201clos feos\u201d. Se clausurar\u00e1 esta exposici\u00f3n pero abriremos Cultura a-Mano bajo el paraguas de BU\u00d1OL ACT\u00daA \u2013 Turismo Cultural\u201d.<\/p>\n\n\n\n<p>Mar\u00eda Vall\u00e9s, concejal de Turismo en el Consistorio bu\u00f1olense, incide en que Bu\u00f1ol es mucho m\u00e1s que patrimonio, naturaleza y Tomatina, \u201cBu\u00f1ol es cultura y qu\u00e9 mejor que acercar nuestros m\u00fasicos, nuestra m\u00fasica, y otras artes esc\u00e9nicas como el teatro o la danza, a todos los vecinos y turistas que deseen encontrar en Bu\u00f1ol una excelente representaci\u00f3n cultural, ya que la programaci\u00f3n prevista no tiene nada que envidiar a la que presente cualquier capital de provincia\u201d, destacaba la edil responsable de Turismo y Tomatina.<\/p>\n\n\n\n<p>Este proyecto cuenta con el apoyo de la Conselleria de Turismo, a trav\u00e9s de la firma de un convenio en el que se concede a Bu\u00f1ol 60.000\u20ac para difundir un turismo de interior diferente, atractivo, cultural y \u00fanico. \u201cPor eso nuestro municipio es un destino ideal para todos los amantes de la buena m\u00fasica, de los buenos conciertos, de las representaciones teatrales \u00fanicas, de espect\u00e1culos de danza o mon\u00f3logos, de un alto nivel\u201d, confirmaba Juncal Carrascosa, Alcaldesa de Bu\u00f1ol.<\/p>\n\n\n\n<p>\u201cA trav\u00e9s de un gran proyecto que lanzamos a la UNESCO nos dimos cuenta de que todo el a\u00f1o Bu\u00f1ol contaba con una amplia programaci\u00f3n cultural para todos los gustos, con cine, teatro, danza, m\u00fasica para todos\u2026 y que hab\u00eda que aglutinarla bajo un paraguas. Por ello, la Generalitat apoya nuestro proyecto, \u00fanico y diferente y que atraer\u00e1 a un turista cultural procedente de cualquier punto de nuestra geograf\u00eda\u201d, recordaba la primer edil bu\u00f1olense.<\/p>\n\n\n\n<p>Tras estos dos meses en los que todos los fines de semana Bu\u00f1ol ofrecer\u00e1 excelentes actuaciones culturales, en oto\u00f1o, volveremos a disfrutar de este gran proyecto del Festival \u201cDe par en Par-t\u201d tambi\u00e9n bajo la marca tur\u00edstica BU\u00d1OL ACT\u00daA.&nbsp;<\/p>\n\n\n\n<p>\u201cTras \u00e9l vendr\u00e1n m\u00e1s proyectos culturales, porque Bu\u00f1ol es cultura, es turismo, es naturaleza, es patrimonio, es deporte, es Tomatina, es mucho, y tenemos que mostrarlo, qu\u00e9 mejor que en unos momentos en los que la pandemia nos ha recordado que tenemos bellezas que visitar muy cerca de casa\u201d, finalizaba la concejala Mar\u00eda Vall\u00e9s.<\/p>\n","protected":false},"excerpt":{"rendered":"<div class=\"mh-excerpt\">Todos los fines de semana de julio y agosto Bu\u00f1ol ofrecer\u00e1 la mejor m\u00fasica, para todos los gustos y de todos los tipos, adem\u00e1s de teatro o danza.&nbsp; El Ayuntamiento de Bu\u00f1ol lanza la marca: <a class=\"mh-excerpt-more\" href=\"https:\/\/www.tucomarca.com\/wordpress\/segunda\/el-ayuntamiento-de-bunol-lanza-la-marca-bunol-actua-turismo-cultural-con-una-amplia-programacion-cultural-este-verano-cultura-a-mano\/\" title=\"El Ayuntamiento de Bu\u00f1ol lanza la marca Bu\u00f1ol Act\u00faa Turismo Cultural con una amplia programaci\u00f3n cultural este verano \u201cCULTURA a-Mano\u201d\">[+] <\/a><\/div>\n","protected":false},"author":1,"featured_media":136729,"comment_status":"open","ping_status":"open","sticky":false,"template":"","format":"standard","meta":{"footnotes":""},"categories":[4,18,66,8,10,7,3],"tags":[10385,14721,15005,5952,15004],"class_list":{"0":"post-136727","1":"post","2":"type-post","3":"status-publish","4":"format-standard","5":"has-post-thumbnail","7":"category-agenda","8":"category-bunol","9":"category-musica","10":"category-la-comarca","11":"category-la-hoya","12":"category-ocio-y-cultura","13":"category-seccion","14":"tag-bunol","15":"tag-bunol-actua","16":"tag-cultura-a-mano","17":"tag-la-hoya-de-bunol-chiva","18":"tag-turismo-cultural"},"_links":{"self":[{"href":"https:\/\/www.tucomarca.com\/wordpress\/segunda\/wp-json\/wp\/v2\/posts\/136727","targetHints":{"allow":["GET"]}}],"collection":[{"href":"https:\/\/www.tucomarca.com\/wordpress\/segunda\/wp-json\/wp\/v2\/posts"}],"about":[{"href":"https:\/\/www.tucomarca.com\/wordpress\/segunda\/wp-json\/wp\/v2\/types\/post"}],"author":[{"embeddable":true,"href":"https:\/\/www.tucomarca.com\/wordpress\/segunda\/wp-json\/wp\/v2\/users\/1"}],"replies":[{"embeddable":true,"href":"https:\/\/www.tucomarca.com\/wordpress\/segunda\/wp-json\/wp\/v2\/comments?post=136727"}],"version-history":[{"count":0,"href":"https:\/\/www.tucomarca.com\/wordpress\/segunda\/wp-json\/wp\/v2\/posts\/136727\/revisions"}],"wp:featuredmedia":[{"embeddable":true,"href":"https:\/\/www.tucomarca.com\/wordpress\/segunda\/wp-json\/wp\/v2\/media\/136729"}],"wp:attachment":[{"href":"https:\/\/www.tucomarca.com\/wordpress\/segunda\/wp-json\/wp\/v2\/media?parent=136727"}],"wp:term":[{"taxonomy":"category","embeddable":true,"href":"https:\/\/www.tucomarca.com\/wordpress\/segunda\/wp-json\/wp\/v2\/categories?post=136727"},{"taxonomy":"post_tag","embeddable":true,"href":"https:\/\/www.tucomarca.com\/wordpress\/segunda\/wp-json\/wp\/v2\/tags?post=136727"}],"curies":[{"name":"wp","href":"https:\/\/api.w.org\/{rel}","templated":true}]}}