{"id":136931,"date":"2021-07-06T19:00:00","date_gmt":"2021-07-06T18:00:00","guid":{"rendered":"http:\/\/www.tucomarca.com\/wordpress\/segunda\/?p=136931"},"modified":"2021-07-07T09:27:41","modified_gmt":"2021-07-07T08:27:41","slug":"cheste-celebra-sus-fiestas-de-julio-a-partir-del-proximo-dia-11","status":"publish","type":"post","link":"https:\/\/www.tucomarca.com\/wordpress\/segunda\/cheste-celebra-sus-fiestas-de-julio-a-partir-del-proximo-dia-11\/","title":{"rendered":"Cheste celebra sus Fiestas de Julio a partir del pr\u00f3ximo d\u00eda 11"},"content":{"rendered":"\n<p>La concejal\u00eda de Fiestas ya tiene todo listo para la celebraci\u00f3n de las pr\u00f3ximas Fiestas de Julio, con un programa repleto de espect\u00e1culos experimentales, en el marco del Festival de Arte en Sitios Singulares, Cheste Inusual, y de m\u00fasica en directo.<\/p>\n\n\n\n<p>\u201cEl a\u00f1o pasado nos vimos obligados a aplazar nuestras fiestas, pero este julio va a ser diferente, ya que gracias a la relajaci\u00f3n de las medidas podemos celebrar un calendario festivo variado y para todos los p\u00fablicos, aunque todos los actos contar\u00e1n con protocolos de seguridad\u201d, apunta el concejal de Fiestas, Ra\u00fal Mota. \u201cLas Fiestas de Julio han dado un giro de 360 grados con un nuevo car\u00e1cter cultural, pero sin olvidar la esencia y la tradici\u00f3n de nuestro pueblo\u201d.<\/p>\n\n\n\n<p><strong>Inauguraci\u00f3n<\/strong><\/p>\n\n\n\n<p>El programa arrancar\u00e1 el pr\u00f3ximo domingo, 11 de julio, con una traca en la calle Chiva a las 19 horas, seguida de tres actuaciones de Cheste Inusual: danza-cabaret en el escaparate del bar Ateneo, a cargo de la compa\u00f1\u00eda Sporting Club Russafa; el espect\u00e1culo <em>Indala <\/em>de danza urbana en la plaza Le\u00f3n, a cargo de David Viento Dance Theatre; y el concierto a los m\u00fasicos chestanos Urko, Jahwind, Baodud y Xokito, que comenzar\u00e1 justo despu\u00e9s en la misma plaza.<\/p>\n\n\n\n<p><strong>Segundo fin de semana<\/strong><\/p>\n\n\n\n<p>El fin de semana siguiente tambi\u00e9n viene cargado de actividades. El viernes 16 de julio los chestanos Bibrass D\u2019Or dar\u00e1n un concierto en la calle P\u00e9rez Gald\u00f3s a partir de las 20 horas. El s\u00e1bado a las 12 horas habr\u00e1 un espect\u00e1culo de t\u00edteres para p\u00fablico familiar en la Lomiquia, <em>The Sow Moscoon<\/em>, de la compa\u00f1\u00eda valenciana Galitoo. Por la tarde, volver\u00e1 Cheste Inusual con nuevas propuestas teatrales en las <em>entr\u00e1s<\/em> de casas particulares de la calle Chiva y en la Casa Valterra. De 19 a 20 horas se har\u00e1n dos pases de tres piezas diferentes: <em>Las Ma\u00f1as<\/em>, a cargo de Artima\u00f1as teatro; <em>Yo no puedo Olvidarla<\/em>, de \u00c1ngela Berm\u00fadez, y <em>Las Ba\u00f1istas Sincronizadas<\/em>, ofrecida por la compa\u00f1\u00eda Consuelo Blanco Piscinas. La noche del s\u00e1bado terminar\u00e1 con un concierto de Gisela en la plaza Segunda Rep\u00fablica, a partir de las 23:00, y el domingo contar\u00e1 con la repetici\u00f3n del teatro en casas del d\u00eda anterior, con los mismos dos pases de cada obra entre las 19 y las 20 horas.<\/p>\n\n\n\n<p><strong>Fin de fiestas<\/strong><\/p>\n\n\n\n<p>El programa de Fiestas de Julio terminar\u00e1 con otro fin de semana lleno de actuaciones. El viernes, 23 de julio, comenzar\u00e1 con una nueva actuaci\u00f3n de Cheste Inusual, el preestreno de una obra experimental del Colectivo Fracasadas, a las 19:30 en el Teatro Liceo. Acto seguido, tendr\u00e1 lugar una nueva edici\u00f3n de <em>A la Luna de Julio<\/em>, una propuesta que llevar\u00e1 conciertos en ac\u00fastico y monologuistas a diferentes puntos de la poblaci\u00f3n a partir de las 20:30. El s\u00e1bado, la plaza Segunda Rep\u00fablica acoger\u00e1 un tributo a Mecano a partir de las 23 horas y, finalmente, como colof\u00f3n a las fiestas y cierre de Cheste Inusual, el domingo 25 la compa\u00f1\u00eda Ferrer &amp; Weiddman ofrecer\u00e1 un espect<\/p>\n","protected":false},"excerpt":{"rendered":"<div class=\"mh-excerpt\">La concejal\u00eda de Fiestas ya tiene todo listo para la celebraci\u00f3n de las pr\u00f3ximas Fiestas de Julio, con un programa repleto de espect\u00e1culos experimentales, en el marco del Festival de Arte en Sitios Singulares, Cheste <a class=\"mh-excerpt-more\" href=\"https:\/\/www.tucomarca.com\/wordpress\/segunda\/cheste-celebra-sus-fiestas-de-julio-a-partir-del-proximo-dia-11\/\" title=\"Cheste celebra sus Fiestas de Julio a partir del pr\u00f3ximo d\u00eda 11\">[+] <\/a><\/div>\n","protected":false},"author":12,"featured_media":136932,"comment_status":"open","ping_status":"open","sticky":false,"template":"","format":"standard","meta":{"footnotes":""},"categories":[4,17,8,10,383,3],"tags":[339,8357,5952],"class_list":{"0":"post-136931","1":"post","2":"type-post","3":"status-publish","4":"format-standard","5":"has-post-thumbnail","7":"category-agenda","8":"category-cheste","9":"category-la-comarca","10":"category-la-hoya","11":"category-pueblos-en-fiestas","12":"category-seccion","13":"tag-cheste-2","14":"tag-fiestas-de-julio","15":"tag-la-hoya-de-bunol-chiva"},"_links":{"self":[{"href":"https:\/\/www.tucomarca.com\/wordpress\/segunda\/wp-json\/wp\/v2\/posts\/136931","targetHints":{"allow":["GET"]}}],"collection":[{"href":"https:\/\/www.tucomarca.com\/wordpress\/segunda\/wp-json\/wp\/v2\/posts"}],"about":[{"href":"https:\/\/www.tucomarca.com\/wordpress\/segunda\/wp-json\/wp\/v2\/types\/post"}],"author":[{"embeddable":true,"href":"https:\/\/www.tucomarca.com\/wordpress\/segunda\/wp-json\/wp\/v2\/users\/12"}],"replies":[{"embeddable":true,"href":"https:\/\/www.tucomarca.com\/wordpress\/segunda\/wp-json\/wp\/v2\/comments?post=136931"}],"version-history":[{"count":0,"href":"https:\/\/www.tucomarca.com\/wordpress\/segunda\/wp-json\/wp\/v2\/posts\/136931\/revisions"}],"wp:featuredmedia":[{"embeddable":true,"href":"https:\/\/www.tucomarca.com\/wordpress\/segunda\/wp-json\/wp\/v2\/media\/136932"}],"wp:attachment":[{"href":"https:\/\/www.tucomarca.com\/wordpress\/segunda\/wp-json\/wp\/v2\/media?parent=136931"}],"wp:term":[{"taxonomy":"category","embeddable":true,"href":"https:\/\/www.tucomarca.com\/wordpress\/segunda\/wp-json\/wp\/v2\/categories?post=136931"},{"taxonomy":"post_tag","embeddable":true,"href":"https:\/\/www.tucomarca.com\/wordpress\/segunda\/wp-json\/wp\/v2\/tags?post=136931"}],"curies":[{"name":"wp","href":"https:\/\/api.w.org\/{rel}","templated":true}]}}