{"id":137268,"date":"2021-07-07T12:44:00","date_gmt":"2021-07-07T11:44:00","guid":{"rendered":"http:\/\/www.tucomarca.com\/wordpress\/segunda\/?p=137268"},"modified":"2021-07-09T19:48:45","modified_gmt":"2021-07-09T18:48:45","slug":"el-ayuntamiento-de-cheste-contrata-personal-a-traves-de-la-subvencion-del-programa-emcorp-2","status":"publish","type":"post","link":"https:\/\/www.tucomarca.com\/wordpress\/segunda\/el-ayuntamiento-de-cheste-contrata-personal-a-traves-de-la-subvencion-del-programa-emcorp-2\/","title":{"rendered":"El Ayuntamiento de Cheste contrata personal a trav\u00e9s de la subvenci\u00f3n del programa EMCORP"},"content":{"rendered":"\n<p>El programa EMCORP 2021 de Labora, destinado a la contrataci\u00f3n de personas desempleadas de al menos 30 a\u00f1os de edad, en colaboraci\u00f3n con las corporaciones locales, ha destinado una subvenci\u00f3n de 30.430,70 euros al Ayuntamiento de Cheste para llevar a cabo la contrataci\u00f3n de dos personas durante seis meses a jornada completa.&nbsp;<\/p>\n\n\n\n<p>\u201cDe esta forma podemos contratar a un oficial de la brigada y a una administrativa, que desarrollar\u00e1n su trabajo en el Ayuntamiento hasta el 7 de enero de 2022\u201d, explicaba el concejal de Empleo, Jos\u00e9 Vicente Guijarro. \u201cLos dos se incorporar\u00e1n ma\u00f1ana, 8 de julio\u201d.<\/p>\n\n\n\n<p>Tal y como ha explicado el concejal, la selecci\u00f3n del personal la realiza el Servef para cubrir los puestos que solicita el Ayuntamiento.<\/p>\n","protected":false},"excerpt":{"rendered":"<div class=\"mh-excerpt\">El programa EMCORP 2021 de Labora, destinado a la contrataci\u00f3n de personas desempleadas de al menos 30 a\u00f1os de edad, en colaboraci\u00f3n con las corporaciones locales, ha destinado una subvenci\u00f3n de 30.430,70 euros al Ayuntamiento <a class=\"mh-excerpt-more\" href=\"https:\/\/www.tucomarca.com\/wordpress\/segunda\/el-ayuntamiento-de-cheste-contrata-personal-a-traves-de-la-subvencion-del-programa-emcorp-2\/\" title=\"El Ayuntamiento de Cheste contrata personal a trav\u00e9s de la subvenci\u00f3n del programa EMCORP\">[+] <\/a><\/div>\n","protected":false},"author":1,"featured_media":62235,"comment_status":"open","ping_status":"open","sticky":false,"template":"","format":"standard","meta":{"footnotes":""},"categories":[17,128,8,10,142,3],"tags":[339,5952],"class_list":{"0":"post-137268","1":"post","2":"type-post","3":"status-publish","4":"format-standard","5":"has-post-thumbnail","7":"category-cheste","8":"category-infraestructuras","9":"category-la-comarca","10":"category-la-hoya","11":"category-politica-la-comarca","12":"category-seccion","13":"tag-cheste-2","14":"tag-la-hoya-de-bunol-chiva"},"_links":{"self":[{"href":"https:\/\/www.tucomarca.com\/wordpress\/segunda\/wp-json\/wp\/v2\/posts\/137268","targetHints":{"allow":["GET"]}}],"collection":[{"href":"https:\/\/www.tucomarca.com\/wordpress\/segunda\/wp-json\/wp\/v2\/posts"}],"about":[{"href":"https:\/\/www.tucomarca.com\/wordpress\/segunda\/wp-json\/wp\/v2\/types\/post"}],"author":[{"embeddable":true,"href":"https:\/\/www.tucomarca.com\/wordpress\/segunda\/wp-json\/wp\/v2\/users\/1"}],"replies":[{"embeddable":true,"href":"https:\/\/www.tucomarca.com\/wordpress\/segunda\/wp-json\/wp\/v2\/comments?post=137268"}],"version-history":[{"count":0,"href":"https:\/\/www.tucomarca.com\/wordpress\/segunda\/wp-json\/wp\/v2\/posts\/137268\/revisions"}],"wp:featuredmedia":[{"embeddable":true,"href":"https:\/\/www.tucomarca.com\/wordpress\/segunda\/wp-json\/wp\/v2\/media\/62235"}],"wp:attachment":[{"href":"https:\/\/www.tucomarca.com\/wordpress\/segunda\/wp-json\/wp\/v2\/media?parent=137268"}],"wp:term":[{"taxonomy":"category","embeddable":true,"href":"https:\/\/www.tucomarca.com\/wordpress\/segunda\/wp-json\/wp\/v2\/categories?post=137268"},{"taxonomy":"post_tag","embeddable":true,"href":"https:\/\/www.tucomarca.com\/wordpress\/segunda\/wp-json\/wp\/v2\/tags?post=137268"}],"curies":[{"name":"wp","href":"https:\/\/api.w.org\/{rel}","templated":true}]}}