{"id":137282,"date":"2021-07-10T07:55:00","date_gmt":"2021-07-10T06:55:00","guid":{"rendered":"http:\/\/www.tucomarca.com\/wordpress\/segunda\/?p=137282"},"modified":"2021-07-10T11:50:26","modified_gmt":"2021-07-10T10:50:26","slug":"la-diputacio-prepara-una-nueva-entrega-que-elevara-a-12-millones-su-aportacion-al-fondo-de-cooperacion-en-los-municipios-de-la-canal","status":"publish","type":"post","link":"https:\/\/www.tucomarca.com\/wordpress\/segunda\/la-diputacio-prepara-una-nueva-entrega-que-elevara-a-12-millones-su-aportacion-al-fondo-de-cooperacion-en-los-municipios-de-la-canal\/","title":{"rendered":"La Diputaci\u00f3 prepara una nueva entrega que elevar\u00e1 a 1,2 millones su aportaci\u00f3n al Fondo de Cooperaci\u00f3n en los municipios de La Canal"},"content":{"rendered":"\n<p>La Diputaci\u00f3 de Val\u00e8ncia prepara una tercera entrega del Fondo de Cooperaci\u00f3n Municipal que repartir\u00e1 340.000 euros entre los municipios de La Canal de Navarr\u00e9s. En total, la instituci\u00f3n provincial ha asignado 1.250.000 euros a la comarca a lo largo del presente a\u00f1o en el marco del Fondo de Cooperaci\u00f3n, lo que supone un incremento de 205.000 euros respecto a la aportaci\u00f3n de 2020.<\/p>\n\n\n\n<p>Con esta nueva entrega a los ayuntamientos, la corporaci\u00f3n provincial distribuir\u00e1 entre los municipios valencianos, a trav\u00e9s del Fondo, un total de 75 millones de euros este a\u00f1o, 14 m\u00e1s que en 2020. Esta aportaci\u00f3n de 15 millones de euros se aprobar\u00e1 en el pleno del pr\u00f3ximo 20 de julio y ser\u00e1 la tercera inyecci\u00f3n econ\u00f3mica para inversi\u00f3n y gasto corriente en el marco de este Fondo conjunto con la Generalitat, tras los 42,2 millones de la primera entrega y los 17 millones del Plan Resistir.<\/p>\n\n\n\n<p>Los 75 millones distribuidos por la Diputaci\u00f3n entre los municipios valencianos a trav\u00e9s del Fondo de Cooperaci\u00f3n, que pr\u00e1cticamente cuadruplican la aportaci\u00f3n del Consell en la provincia en el marco de este plan inversor que refuerza el municipalismo, siguen criterios objetivos de reparto, fundamentalmente la poblaci\u00f3n, y priman a las localidades m\u00e1s peque\u00f1as y con m\u00e1s dificultades a la hora de invertir y de cubrir determinados gastos b\u00e1sicos en infraestructuras y servicios.<\/p>\n\n\n\n<p>Es el caso de Sempere, el municipio con menos habitantes de la provincia, que recibir\u00e1 de la Diputaci\u00f3n 75.000 euros del Fondo de Cooperaci\u00f3n en 2021, casi el doble de su presupuesto. A esta partida, habr\u00eda que sumar la del Plan de Inversiones y otras l\u00edneas de subvenci\u00f3n destinadas a garantizar los servicios b\u00e1sicos en los pueblos m\u00e1s peque\u00f1os y que m\u00e1s necesitan a la instituci\u00f3n provincial.<\/p>\n\n\n\n<p><strong>Incremento de la aportaci\u00f3n<\/strong><\/p>\n\n\n\n<p>El presidente de la Diputaci\u00f3, Toni Gaspar, ha asegurado que la corporaci\u00f3n que dirige \u201cseguir\u00e1 apostando por esta herramienta que no solo fomenta la colaboraci\u00f3n institucional, en este caso entre la Generalitat y las diputaciones de Valencia y Castell\u00f3n, sino que ha demostrado ser muy eficaz a la hora de agilizar el pago y que los ayuntamientos dispongan de la liquidez que necesitan para ejercer realmente su autonom\u00eda\u201d.&nbsp;<\/p>\n\n\n\n<p>Gaspar insta a la Generalitat a incrementar tambi\u00e9n su aportaci\u00f3n al Fondo y reforzar el compromiso de ambas instituciones con el municipalismo \u201ccon gesti\u00f3n y con recursos\u201d, como demuestra \u201cel crecimiento continuo de nuestra aportaci\u00f3n al Fondo del Consell, que este a\u00f1o alcanza los 75 millones de euros frente a los 20 millones que destin\u00e1bamos en las primeras convocatorias del programa\u201d.<\/p>\n\n\n\n<p>Por su parte, el diputado de Hacienda, Vicent Mascarell, destaca \u201cla importancia de estas ayudas de libre disposici\u00f3n para los ayuntamientos, que pueden invertir en proyectos que tienen pendientes o directamente cubrir gastos del d\u00eda a d\u00eda en servicios que son de primera necesidad\u201d. Mascarell avanza que la propuesta de distribuci\u00f3n de estos 15 millones de euros se llevar\u00e1 la pr\u00f3xima semana a la Junta de Gobierno y se aprobar\u00e1 en el pleno de julio.<\/p>\n","protected":false},"excerpt":{"rendered":"<div class=\"mh-excerpt\">La Diputaci\u00f3 de Val\u00e8ncia prepara una tercera entrega del Fondo de Cooperaci\u00f3n Municipal que repartir\u00e1 340.000 euros entre los municipios de La Canal de Navarr\u00e9s. En total, la instituci\u00f3n provincial ha asignado 1.250.000 euros a <a class=\"mh-excerpt-more\" href=\"https:\/\/www.tucomarca.com\/wordpress\/segunda\/la-diputacio-prepara-una-nueva-entrega-que-elevara-a-12-millones-su-aportacion-al-fondo-de-cooperacion-en-los-municipios-de-la-canal\/\" title=\"La Diputaci\u00f3 prepara una nueva entrega que elevar\u00e1 a 1,2 millones su aportaci\u00f3n al Fondo de Cooperaci\u00f3n en los municipios de La Canal\">[+] <\/a><\/div>\n","protected":false},"author":12,"featured_media":122628,"comment_status":"open","ping_status":"open","sticky":false,"template":"","format":"standard","meta":{"footnotes":""},"categories":[78,338,376,257,79,128,70,8,72,71,270,142,164,3,45],"tags":[204,1452],"class_list":{"0":"post-137282","1":"post","2":"type-post","3":"status-publish","4":"format-standard","5":"has-post-thumbnail","7":"category-anna","8":"category-bicorp","9":"category-bolbaite","10":"category-chella","11":"category-enguera","12":"category-infraestructuras","13":"category-la-canal-de-navarres","14":"category-la-comarca","15":"category-sin-categorizar","16":"category-millares","17":"category-navarres","18":"category-politica-la-comarca","19":"category-quesa","20":"category-seccion","21":"category-ventana","22":"tag-diputacion","23":"tag-la-canal-de-navarres-2"},"_links":{"self":[{"href":"https:\/\/www.tucomarca.com\/wordpress\/segunda\/wp-json\/wp\/v2\/posts\/137282","targetHints":{"allow":["GET"]}}],"collection":[{"href":"https:\/\/www.tucomarca.com\/wordpress\/segunda\/wp-json\/wp\/v2\/posts"}],"about":[{"href":"https:\/\/www.tucomarca.com\/wordpress\/segunda\/wp-json\/wp\/v2\/types\/post"}],"author":[{"embeddable":true,"href":"https:\/\/www.tucomarca.com\/wordpress\/segunda\/wp-json\/wp\/v2\/users\/12"}],"replies":[{"embeddable":true,"href":"https:\/\/www.tucomarca.com\/wordpress\/segunda\/wp-json\/wp\/v2\/comments?post=137282"}],"version-history":[{"count":0,"href":"https:\/\/www.tucomarca.com\/wordpress\/segunda\/wp-json\/wp\/v2\/posts\/137282\/revisions"}],"wp:featuredmedia":[{"embeddable":true,"href":"https:\/\/www.tucomarca.com\/wordpress\/segunda\/wp-json\/wp\/v2\/media\/122628"}],"wp:attachment":[{"href":"https:\/\/www.tucomarca.com\/wordpress\/segunda\/wp-json\/wp\/v2\/media?parent=137282"}],"wp:term":[{"taxonomy":"category","embeddable":true,"href":"https:\/\/www.tucomarca.com\/wordpress\/segunda\/wp-json\/wp\/v2\/categories?post=137282"},{"taxonomy":"post_tag","embeddable":true,"href":"https:\/\/www.tucomarca.com\/wordpress\/segunda\/wp-json\/wp\/v2\/tags?post=137282"}],"curies":[{"name":"wp","href":"https:\/\/api.w.org\/{rel}","templated":true}]}}