{"id":137299,"date":"2021-07-10T08:00:00","date_gmt":"2021-07-10T07:00:00","guid":{"rendered":"http:\/\/www.tucomarca.com\/wordpress\/segunda\/?p=137299"},"modified":"2021-07-10T11:46:50","modified_gmt":"2021-07-10T10:46:50","slug":"la-guardia-civil-detiene-a-una-persona-por-delitos-contra-la-salud-publica-y-defraudacion-de-fluido-electrico-en-la-garrofera-de-alzira","status":"publish","type":"post","link":"https:\/\/www.tucomarca.com\/wordpress\/segunda\/la-guardia-civil-detiene-a-una-persona-por-delitos-contra-la-salud-publica-y-defraudacion-de-fluido-electrico-en-la-garrofera-de-alzira\/","title":{"rendered":"La Guardia Civil detiene a una persona por delitos contra la salud p\u00fablica y defraudaci\u00f3n de fluido el\u00e9ctrico en la \u201cGarrofera\u201d de Alzira"},"content":{"rendered":"\n<p>La Guardia Civil de Carcaixent, en el marco de la operaci\u00f3n MYKEY, ha detenido a un var\u00f3n de 48 a\u00f1os de edad, de nacionalidad espa\u00f1ola,&nbsp; por un delito contra la salud p\u00fablica y un delito de defraudaci\u00f3n de fluido el\u00e9ctrico en el t\u00e9rmino municipal de Alzira.&nbsp;<\/p>\n\n\n\n<p>La operaci\u00f3n comenz\u00f3 a finales del pasado mes de junio, cuando la Guardia Civil tuvo conocimiento de la existencia de una casa antigua, la cual se encontraba apartada de los n\u00facleos de poblaci\u00f3n, para no levantar ning\u00fan tipo de sospecha y dificultar en gran medida la labor policial, sito en la zona conocida como La Garrofera, del termino municipal de Alzira .&nbsp;<\/p>\n\n\n\n<p>Dicha vivienda seg\u00fan las investigaciones realizadas, podr\u00eda tratarse de una casa destinada al cultivo extensivo de marihuana durante todo el a\u00f1o. Asimismo se tuvo conocimiento de que dicha casa pose\u00eda&nbsp; luz en su interior,&nbsp; encontrandose conectada ilegalmente al alumbrado p\u00fablico.<\/p>\n\n\n\n<p>Fruto de&nbsp; los hechos descritos, sin tener ning\u00fan dato m\u00e1s, se comienza una l\u00ednea de investigaci\u00f3n de la posible problem\u00e1tica delictiva presentada. Por todo ello, se iniciaron las primeras pesquisas para intentar el esclarecimiento de los posibles hechos delictivos.<\/p>\n\n\n\n<p>Tras varios servicios establecidos, se consigui\u00f3&nbsp; obtener una informaci\u00f3n relevante para la Operaci\u00f3n, consistente en la constataci\u00f3n por parte de los Agentes de la existencia en la vivienda de varios aparatos de aire acondicionado, conectados de manera permanente, as\u00ed como la percepci\u00f3n en la zona, de un fuerte olor a marihuana.<\/p>\n\n\n\n<p>Posteriormente se fue observando, la existencia de un transito de personas y veh\u00edculos extra\u00f1os entrando y saliendo de la citada vivienda aparentemente desocupada.<\/p>\n\n\n\n<p>Por lo hechos mencionados, a principios del presente mes, agentes de la Guardia Civil, se trasladaron al domicilio&nbsp; objeto de investigaci\u00f3n, para proceder a la explotaci\u00f3n de la Operaci\u00f3n denominada \u201cMYKEY\u201d, apoyados de t\u00e9cnicos encargados del suministro el\u00e9ctrico. Tras realizar las pertinentes mediciones y constatar un consumo muy elevado de electricidad, se procedi\u00f3 al descubrimiento de&nbsp; un delito de defraudaci\u00f3n de fluido el\u00e9ctrico. Seguidamente se procedi\u00f3 a realizar una entrada y registro en la vivienda, por la cual se descubri\u00f3&nbsp; una gran habitaci\u00f3n tipo in-door, destinada al cultivo extensivo de marihuana, as\u00ed como otra zona dedicada al secado de la misma.<\/p>\n\n\n\n<p>En dicho registro ha sido posible la desarticulaci\u00f3n de una vivienda dedicada al cultivo extensivo de marihuana, con la aprehensi\u00f3n de 205 plantas de marihuana en estado avanzado de crecimiento, as\u00ed como la aprehensi\u00f3n de unos 45 Kilogramos de cogollos de marihuana, los cuales se encontraban en proceso de secado en tamices colgados del techo, para su posterior distribuci\u00f3n, todo ello junto con los \u00fatiles y productos para su desarrollo, instalaciones el\u00e9ctricas, iluminaci\u00f3n y climatizaci\u00f3n, para su cultivo.<\/p>\n\n\n\n<p>Finalmente, dicha operaci\u00f3n culmin\u00f3 con la &nbsp; detenci\u00f3n de un var\u00f3n, de 48 a\u00f1os de edad, nacionalidad espa\u00f1ola, como presunta autora de un delito de cultivo de drogas y otro delito de defraudaci\u00f3n de fluido el\u00e9ctrico, desmantelando&nbsp; un cultivo extensivo de marihuana, as\u00ed como la desactivaci\u00f3n de un posible punto de venta de estas sustancias.<\/p>\n\n\n\n<p>Las diligencias y el detenido fueron entregadas &nbsp; al&nbsp; Juzgado de Guardia de Alzira.<\/p>\n","protected":false},"excerpt":{"rendered":"<div class=\"mh-excerpt\">La Guardia Civil de Carcaixent, en el marco de la operaci\u00f3n MYKEY, ha detenido a un var\u00f3n de 48 a\u00f1os de edad, de nacionalidad espa\u00f1ola,&nbsp; por un delito contra la salud p\u00fablica y un delito <a class=\"mh-excerpt-more\" href=\"https:\/\/www.tucomarca.com\/wordpress\/segunda\/la-guardia-civil-detiene-a-una-persona-por-delitos-contra-la-salud-publica-y-defraudacion-de-fluido-electrico-en-la-garrofera-de-alzira\/\" title=\"La Guardia Civil detiene a una persona por delitos contra la salud p\u00fablica y defraudaci\u00f3n de fluido el\u00e9ctrico en la \u201cGarrofera\u201d de Alzira\">[+] <\/a><\/div>\n","protected":false},"author":12,"featured_media":137300,"comment_status":"open","ping_status":"open","sticky":false,"template":"","format":"standard","meta":{"footnotes":""},"categories":[69,8,72,42,3,116,45],"tags":[10402,1098,3640,33],"class_list":{"0":"post-137299","1":"post","2":"type-post","3":"status-publish","4":"format-standard","5":"has-post-thumbnail","7":"category-alzira","8":"category-la-comarca","9":"category-sin-categorizar","10":"category-la-ribera","11":"category-seccion","12":"category-sucesos-la-comarca","13":"category-ventana","14":"tag-alzira","15":"tag-guardia-civil","16":"tag-la-ribera-alta","17":"tag-sucesos"},"_links":{"self":[{"href":"https:\/\/www.tucomarca.com\/wordpress\/segunda\/wp-json\/wp\/v2\/posts\/137299","targetHints":{"allow":["GET"]}}],"collection":[{"href":"https:\/\/www.tucomarca.com\/wordpress\/segunda\/wp-json\/wp\/v2\/posts"}],"about":[{"href":"https:\/\/www.tucomarca.com\/wordpress\/segunda\/wp-json\/wp\/v2\/types\/post"}],"author":[{"embeddable":true,"href":"https:\/\/www.tucomarca.com\/wordpress\/segunda\/wp-json\/wp\/v2\/users\/12"}],"replies":[{"embeddable":true,"href":"https:\/\/www.tucomarca.com\/wordpress\/segunda\/wp-json\/wp\/v2\/comments?post=137299"}],"version-history":[{"count":0,"href":"https:\/\/www.tucomarca.com\/wordpress\/segunda\/wp-json\/wp\/v2\/posts\/137299\/revisions"}],"wp:featuredmedia":[{"embeddable":true,"href":"https:\/\/www.tucomarca.com\/wordpress\/segunda\/wp-json\/wp\/v2\/media\/137300"}],"wp:attachment":[{"href":"https:\/\/www.tucomarca.com\/wordpress\/segunda\/wp-json\/wp\/v2\/media?parent=137299"}],"wp:term":[{"taxonomy":"category","embeddable":true,"href":"https:\/\/www.tucomarca.com\/wordpress\/segunda\/wp-json\/wp\/v2\/categories?post=137299"},{"taxonomy":"post_tag","embeddable":true,"href":"https:\/\/www.tucomarca.com\/wordpress\/segunda\/wp-json\/wp\/v2\/tags?post=137299"}],"curies":[{"name":"wp","href":"https:\/\/api.w.org\/{rel}","templated":true}]}}