{"id":13737,"date":"2013-04-29T21:38:43","date_gmt":"2013-04-29T20:38:43","guid":{"rendered":"http:\/\/www.tucomarca.com\/wordpress\/segunda\/?p=13737"},"modified":"2013-04-29T21:38:43","modified_gmt":"2013-04-29T20:38:43","slug":"video-pleno-ordinario-del-ayuntamiento-de-bunol-del-29-de-abril-de-2013","status":"publish","type":"post","link":"https:\/\/www.tucomarca.com\/wordpress\/segunda\/video-pleno-ordinario-del-ayuntamiento-de-bunol-del-29-de-abril-de-2013\/","title":{"rendered":"V\u00eddeo: pleno ordinario del Ayuntamiento de Bu\u00f1ol del 29 de abril de 2013"},"content":{"rendered":"<p>Para quien no haya podido seguir en directo a trav\u00e9s de tucomarca televisi\u00f3n la sesi\u00f3n plenaria ordinaria del Ayuntamiento de Bu\u00f1ol de este lunes, 29 de abril de 2013, aqu\u00ed os dejamos el v\u00eddeo de la misma.<\/p>\n","protected":false},"excerpt":{"rendered":"<div class=\"mh-excerpt\">Para quien no haya podido seguir en directo a trav\u00e9s de tucomarca televisi\u00f3n la sesi\u00f3n plenaria ordinaria del Ayuntamiento de Bu\u00f1ol de este lunes, 29 de abril de 2013, aqu\u00ed os dejamos el v\u00eddeo de <a class=\"mh-excerpt-more\" href=\"https:\/\/www.tucomarca.com\/wordpress\/segunda\/video-pleno-ordinario-del-ayuntamiento-de-bunol-del-29-de-abril-de-2013\/\" title=\"V\u00eddeo: pleno ordinario del Ayuntamiento de Bu\u00f1ol del 29 de abril de 2013\">[+] <\/a><\/div>\n","protected":false},"author":1,"featured_media":0,"comment_status":"open","ping_status":"open","sticky":false,"template":"","format":"standard","meta":{"footnotes":""},"categories":[18,8,10,142,3,26],"tags":[],"class_list":{"0":"post-13737","1":"post","2":"type-post","3":"status-publish","4":"format-standard","6":"category-bunol","7":"category-la-comarca","8":"category-la-hoya","9":"category-politica-la-comarca","10":"category-seccion","11":"category-video"},"_links":{"self":[{"href":"https:\/\/www.tucomarca.com\/wordpress\/segunda\/wp-json\/wp\/v2\/posts\/13737","targetHints":{"allow":["GET"]}}],"collection":[{"href":"https:\/\/www.tucomarca.com\/wordpress\/segunda\/wp-json\/wp\/v2\/posts"}],"about":[{"href":"https:\/\/www.tucomarca.com\/wordpress\/segunda\/wp-json\/wp\/v2\/types\/post"}],"author":[{"embeddable":true,"href":"https:\/\/www.tucomarca.com\/wordpress\/segunda\/wp-json\/wp\/v2\/users\/1"}],"replies":[{"embeddable":true,"href":"https:\/\/www.tucomarca.com\/wordpress\/segunda\/wp-json\/wp\/v2\/comments?post=13737"}],"version-history":[{"count":0,"href":"https:\/\/www.tucomarca.com\/wordpress\/segunda\/wp-json\/wp\/v2\/posts\/13737\/revisions"}],"wp:attachment":[{"href":"https:\/\/www.tucomarca.com\/wordpress\/segunda\/wp-json\/wp\/v2\/media?parent=13737"}],"wp:term":[{"taxonomy":"category","embeddable":true,"href":"https:\/\/www.tucomarca.com\/wordpress\/segunda\/wp-json\/wp\/v2\/categories?post=13737"},{"taxonomy":"post_tag","embeddable":true,"href":"https:\/\/www.tucomarca.com\/wordpress\/segunda\/wp-json\/wp\/v2\/tags?post=13737"}],"curies":[{"name":"wp","href":"https:\/\/api.w.org\/{rel}","templated":true}]}}