{"id":137839,"date":"2021-07-17T14:00:00","date_gmt":"2021-07-17T13:00:00","guid":{"rendered":"http:\/\/www.tucomarca.com\/wordpress\/segunda\/?p=137839"},"modified":"2021-07-19T09:26:53","modified_gmt":"2021-07-19T08:26:53","slug":"la-diputacio-presenta-las-etapas-valencianas-de-la-vuelta-a-espana-que-arranca-en-burgos-el-14-de-agosto","status":"publish","type":"post","link":"https:\/\/www.tucomarca.com\/wordpress\/segunda\/la-diputacio-presenta-las-etapas-valencianas-de-la-vuelta-a-espana-que-arranca-en-burgos-el-14-de-agosto\/","title":{"rendered":"La Diputaci\u00f3 presenta las etapas valencianas de la Vuelta a Espa\u00f1a que arranca en Burgos el 14 de agosto"},"content":{"rendered":"\n<h4 class=\"wp-block-heading\"><strong>La ronda ciclista regresa a las carreteras valencianas tras la pandemia con salidas en Requena y Gandia y llegada en el Alto de la Monta\u00f1a de Cullera. Es la quinta vez que la Vuelta visita la provincia en las \u00faltimas siete ediciones<\/strong><\/h4>\n\n\n\n<h4 class=\"wp-block-heading\"><strong>El jueves 19 de agosto se disputar\u00e1 la sexta etapa entre Requena y Cullera, con un trazado llano, y un d\u00eda despu\u00e9s la s\u00e9ptima etapa unir\u00e1 Gandia y el Balc\u00f3n de Alicante con seis puertos de monta\u00f1a<\/strong><\/h4>\n\n\n\n<h4 class=\"wp-block-heading\"><strong>El diputado de Deportes, Andr\u00e9s Campos, y el director de La Vuelta, Javier Guill\u00e9n, coinciden en que Valencia es tierra de ciclismo y que su protagonismo en la carrera tendr\u00e1 continuidad en el tiempo&nbsp;<\/strong><\/h4>\n\n\n\n<figure class=\"wp-block-image size-large\"><img loading=\"lazy\" decoding=\"async\" width=\"960\" height=\"369\" src=\"https:\/\/www.tucomarca.com\/wordpress\/segunda\/wp-content\/uploads\/2021\/07\/Etapa6.jpg\" alt=\"\" class=\"wp-image-137845\" srcset=\"https:\/\/www.tucomarca.com\/wordpress\/segunda\/wp-content\/uploads\/2021\/07\/Etapa6.jpg 960w, https:\/\/www.tucomarca.com\/wordpress\/segunda\/wp-content\/uploads\/2021\/07\/Etapa6-300x115.jpg 300w, https:\/\/www.tucomarca.com\/wordpress\/segunda\/wp-content\/uploads\/2021\/07\/Etapa6-768x295.jpg 768w\" sizes=\"auto, (max-width: 960px) 100vw, 960px\" \/><\/figure>\n\n\n\n<p>El patio dels Scala de la Diputaci\u00f3 ha acogido este viernes la presentaci\u00f3n de las etapas valencianas de La Vuelta a Espa\u00f1a 2021. La corporaci\u00f3n provincial, a trav\u00e9s del \u00e1rea de Deportes que dirige Andr\u00e9s Campos, ha apostado una vez m\u00e1s por el potencial de la ronda ciclista a la hora de mostrar al mundo los encantos de las comarcas valencianas y el retorno para las localidades con salidas de etapa, caso de Requena y Gandia, y llegada, esta vez en el Alto de la Monta\u00f1a de Cullera.<\/p>\n\n\n\n<p>El presidente de la Diputaci\u00f3, Toni Gaspar, ha cerrado un acto de presentaci\u00f3n en el que han participado el director de La Vuelta, Javier Guill\u00e9n, el diputado de Deportes, Andr\u00e9s Campos, y el ex ciclista profesional y director t\u00e9cnico de la carrera Fernando Escart\u00edn, que ha expuesto el perfil de las etapas valencianas. Gaspar ha mostrado su confianza con la \u201cexquisita organizaci\u00f3n\u201d de la ronda ciclista y ha pedido a los organizadores que sigan contando con Valencia para \u201ceste proyecto que muestra Espa\u00f1a a trav\u00e9s del deporte\u201d. El presidente ha sugerido que el A\u00f1o San Francisco de Borja puede ser una gran excusa para repetir en la pr\u00f3xima edici\u00f3n de la carrera.<\/p>\n\n\n\n<p>La sexta etapa de La Vuelta 2021 se disputar\u00e1 el jueves 19 de agosto entre Requena y Cullera, con un recorrido de 159 kil\u00f3metros y un trazado llano que pasar\u00e1, entre otras localidades, por Y\u00e1tova, Tur\u00eds, Picassent, Catarroja, Alc\u00e0sser, Silla, Albal, Alfafar, Benet\u00fasser, Massanassa y Val\u00e8ncia, antes de dirigirse hacia la marjal de Sueca y la meta ubicada en el Alto de la Monta\u00f1a de Cullera, donde los helic\u00f3pteros captar\u00e1n la espectacular vista a\u00e9rea de La Ribera. En palabras de Fernando Escart\u00edn, \u201cuna de las etapas que m\u00e1s pueblos atraviesa con un recorrido urbano que acerca la carrera al p\u00fablico\u201d.<\/p>\n\n\n\n<p>Un d\u00eda despu\u00e9s, el viernes 20 de agosto, la s\u00e9ptima etapa arrancar\u00e1 en Gandia, capital de La Safor, con un recorrido de 152 km hasta el Balc\u00f3n de Alicante. La monta\u00f1a ser\u00e1 la gran protagonista de una jornada en la que se ascender\u00e1n seis puertos, dos de tercera, dos de segunda y otros dos de primera categor\u00eda, entre ellos el de La Llacuna de Villalonga, con desniveles que alcanzan el 18% en las cotas m\u00e1s duras. \u201cUna etapa en la que se prev\u00e9n muchos movimientos, empezando por la emboscada que puede suponer La Llacuna\u201d, apunta Escart\u00edn.<\/p>\n\n\n\n<p><strong>Quinta visita en siete a\u00f1os<\/strong><\/p>\n\n\n\n<p>La confianza de La Vuelta en la Diputaci\u00f3n como \u201ccasa de los pueblos valencianos\u201d y de la corporaci\u00f3n en La Vuelta por su rigor organizativo y el retorno para la provincia quedan reflejadas en el recorrido de las siete \u00faltimas ediciones de la ronda, de las cuales cinco con la de este a\u00f1o han incluido en el trazado la provincia de Valencia. En 2015, Val\u00e9ncia fue salida de una etapa con destino Castell\u00f3 de la Plana; desde entonces, municipios como Sagunto, Ll\u00edria, El Puig, L\u2019Eliana, Gandia, Requena y Cullera han sido sedes de salidas y llegadas de distintas etapas.<\/p>\n\n\n\n<p>El diputado de Deportes, Andr\u00e9s Campos, cree que esta confianza mutua se sienta sobre la base de tres estrategias en las que coinciden la Diputaci\u00f3n y La Vuelta. Por un lado, \u201cla vertebraci\u00f3n del territorio que nos deja grandes tardes de ciclismo con las im\u00e1genes televisivas de nuestros pueblos\u201d; por otro, \u201cel convencimiento de que los eventos deportivos tienen un gran valor a\u00f1adido en cualquier planificaci\u00f3n tur\u00edstica\u201d; y por \u00faltimo, \u201clos valores del sacrificio y la superaci\u00f3n que al igual que los ciclistas compartimos los que gestionamos esta instituci\u00f3n\u201d.<\/p>\n\n\n\n<p><strong>La ambiciosa \u2018Vuelta de las catedrales\u2019<\/strong><\/p>\n\n\n\n<p>El director del evento deportivo, Javier Guill\u00e9n, ha dado algunas pinceladas de la conocida como Vuelta de las catedrales, que arrancar\u00e1 el s\u00e1bado 14 de agosto en Burgos, conmemorando el octavo centenario de la joya del g\u00f3tico con una crono individual de 8 kil\u00f3metros, y terminar\u00e1 el domingo 5 de septiembre frente a la catedral de Santiago de Compostela, con otra contrarreloj de 33 kil\u00f3metros que parte en Padr\u00f3n y que decidir\u00e1 la suerte de una Vuelta \u201cambiciosa y dura que recorrer\u00e1 solo territorio nacional y que presenta muchas novedades\u201d, como el tercer final de la ronda en Santiago coincidiendo con el Xacobeo.<\/p>\n\n\n\n<p>Guill\u00e9n ha destacado la gran variedad de terrenos y sedes in\u00e9ditas como el alto asturiano del Gamoniteiru, incluyendo \u201cdestinos tur\u00edsticos y otros de gran belleza que mostrar\u00e1n el potencial del pa\u00eds en un sector al que debemos ayudar tras el duro golpe sufrido con la pandemia\u201d. El director de La Vuelta ha presentado as\u00ed \u201cuna carrera larga que mostrar\u00e1 el potencial de Espa\u00f1a como referente tur\u00edstico mundial\u201d. Y en ese marco no pod\u00eda faltar \u201cla variopinta geograf\u00eda valenciana que funde mar y monta\u00f1a con trazados que se adaptan perfectamente al atractivo deportivo de la carrera\u201d.<\/p>\n\n\n\n<p>En este sentido, el responsable de La Vuelta ha destacado las m\u00e1s de tres horas de protagonismo que tendr\u00e1n los pueblos y ciudades valencianas en las televisiones de 190 pa\u00edses y \u201cla espectacular llegada a la Monta\u00f1a de Cullera con porcentajes incre\u00edbles en apenas dos kil\u00f3metros junto al mar\u201d. Javier Guill\u00e9n ha incidido en el potencial del evento como eje promocional que genera grandes audiencias, pero tambi\u00e9n en el retorno econ\u00f3mico que deja la caravana de La Vuelta y \u201cmuy especialmente en esta edici\u00f3n, en el retorno emocional tras dos a\u00f1os de pandemia\u201d.<\/p>\n","protected":false},"excerpt":{"rendered":"<div class=\"mh-excerpt\">La ronda ciclista regresa a las carreteras valencianas tras la pandemia con salidas en Requena y Gandia y llegada en el Alto de la Monta\u00f1a de Cullera. Es la quinta vez que la Vuelta visita <a class=\"mh-excerpt-more\" href=\"https:\/\/www.tucomarca.com\/wordpress\/segunda\/la-diputacio-presenta-las-etapas-valencianas-de-la-vuelta-a-espana-que-arranca-en-burgos-el-14-de-agosto\/\" title=\"La Diputaci\u00f3 presenta las etapas valencianas de la Vuelta a Espa\u00f1a que arranca en Burgos el 14 de agosto\">[+] <\/a><\/div>\n","protected":false},"author":12,"featured_media":137841,"comment_status":"open","ping_status":"open","sticky":false,"template":"","format":"standard","meta":{"footnotes":""},"categories":[18,173,6,128,8,72,10,42,142,28,27,3,43,45,11],"tags":[402,3677,5952,10388,1987,10281,10380],"class_list":{"0":"post-137839","1":"post","2":"type-post","3":"status-publish","4":"format-standard","5":"has-post-thumbnail","7":"category-bunol","8":"category-ciclismo","9":"category-deportes","10":"category-infraestructuras","11":"category-la-comarca","12":"category-sin-categorizar","13":"category-la-hoya","14":"category-la-ribera","15":"category-politica-la-comarca","16":"category-requena","17":"category-requena-utiel","18":"category-seccion","19":"category-turis","20":"category-ventana","21":"category-yatova","22":"tag-ciclismo-2","23":"tag-diputacio-de-valencia","24":"tag-la-hoya-de-bunol-chiva","25":"tag-requena","26":"tag-utiel-requena","27":"tag-vuelta-a-espana","28":"tag-yatova"},"_links":{"self":[{"href":"https:\/\/www.tucomarca.com\/wordpress\/segunda\/wp-json\/wp\/v2\/posts\/137839","targetHints":{"allow":["GET"]}}],"collection":[{"href":"https:\/\/www.tucomarca.com\/wordpress\/segunda\/wp-json\/wp\/v2\/posts"}],"about":[{"href":"https:\/\/www.tucomarca.com\/wordpress\/segunda\/wp-json\/wp\/v2\/types\/post"}],"author":[{"embeddable":true,"href":"https:\/\/www.tucomarca.com\/wordpress\/segunda\/wp-json\/wp\/v2\/users\/12"}],"replies":[{"embeddable":true,"href":"https:\/\/www.tucomarca.com\/wordpress\/segunda\/wp-json\/wp\/v2\/comments?post=137839"}],"version-history":[{"count":0,"href":"https:\/\/www.tucomarca.com\/wordpress\/segunda\/wp-json\/wp\/v2\/posts\/137839\/revisions"}],"wp:featuredmedia":[{"embeddable":true,"href":"https:\/\/www.tucomarca.com\/wordpress\/segunda\/wp-json\/wp\/v2\/media\/137841"}],"wp:attachment":[{"href":"https:\/\/www.tucomarca.com\/wordpress\/segunda\/wp-json\/wp\/v2\/media?parent=137839"}],"wp:term":[{"taxonomy":"category","embeddable":true,"href":"https:\/\/www.tucomarca.com\/wordpress\/segunda\/wp-json\/wp\/v2\/categories?post=137839"},{"taxonomy":"post_tag","embeddable":true,"href":"https:\/\/www.tucomarca.com\/wordpress\/segunda\/wp-json\/wp\/v2\/tags?post=137839"}],"curies":[{"name":"wp","href":"https:\/\/api.w.org\/{rel}","templated":true}]}}