{"id":1380,"date":"2012-05-12T00:06:12","date_gmt":"2012-05-12T00:06:12","guid":{"rendered":"http:\/\/www.tucomarca.com\/wordpress\/segunda\/?p=1380"},"modified":"2012-05-14T09:45:46","modified_gmt":"2012-05-14T09:45:46","slug":"el-hospital-de-manises-celebra-la-i-jornada-de-periodismo-sanitario-en-colaboracion-con-la-uch-ceu","status":"publish","type":"post","link":"https:\/\/www.tucomarca.com\/wordpress\/segunda\/el-hospital-de-manises-celebra-la-i-jornada-de-periodismo-sanitario-en-colaboracion-con-la-uch-ceu\/","title":{"rendered":"El Hospital de Manises celebra la I Jornada de Periodismo Sanitario en colaboraci\u00f3n con la UCH-CEU"},"content":{"rendered":"<figure id=\"attachment_1381\" aria-describedby=\"caption-attachment-1381\" style=\"width: 300px\" class=\"wp-caption alignleft\"><a href=\"https:\/\/www.tucomarca.com\/wordpress\/segunda\/wp-content\/uploads\/2012\/05\/UCH-CEU.jpg\"><img loading=\"lazy\" decoding=\"async\" class=\"size-medium wp-image-1381 \" title=\"OLYMPUS DIGITAL CAMERA\" src=\"https:\/\/www.tucomarca.com\/wordpress\/segunda\/wp-content\/uploads\/2012\/05\/UCH-CEU-300x225.jpg\" alt=\"El  centro hospitalario fomenta la puesta en com\u00fan entre periodistas y m\u00e9dicos .\" width=\"300\" height=\"225\" srcset=\"https:\/\/www.tucomarca.com\/wordpress\/segunda\/wp-content\/uploads\/2012\/05\/UCH-CEU-300x225.jpg 300w, https:\/\/www.tucomarca.com\/wordpress\/segunda\/wp-content\/uploads\/2012\/05\/UCH-CEU-1024x768.jpg 1024w\" sizes=\"auto, (max-width: 300px) 100vw, 300px\" \/><\/a><figcaption id=\"caption-attachment-1381\" class=\"wp-caption-text\">El  centro hospitalario fomenta la puesta en com\u00fan entre periodistas y  m\u00e9dicos sobre las nuevas tendencias en la informaci\u00f3n sanitaria<\/figcaption><\/figure>\n<p>Cerca  de un centenar de profesionales de la informaci\u00f3n y la medicina se han  dado cita este pasado viernes en el Palacio de Colomina de Valencia para abordar las  nuevas tendencias de la informaci\u00f3n sanitaria en la I Jornada de  Periodismo Sanitario organizada por el Hospital de Manises en  colaboraci\u00f3n con la Universidad CEU Cardenal Herrera.<\/p>\n<p>En ella se han debatido temas de actualidad como las barreras  \u00e9ticas en la transmisi\u00f3n de informaci\u00f3n sanitaria, la irrupci\u00f3n de  Internet como fuente tanto de difusi\u00f3n como de informaci\u00f3n o la figura  del periodista como aliado de la medicina en materia de prevenci\u00f3n. \u00abCon  motivo de nuestro tercer aniversario hemos querido acercarnos a las  nuevas tendencias informativas en materia sanitaria y divulgar las  buenas pr\u00e1cticas entre todos aquellos que dan forma a los contenidos  relacionados con la salud: periodistas, sanitarios, pacientes y c\u00f3mo no,  a la sociedad en general\u00bb, como ha destacado Vicente Gil Suay, gerente del  Hospital de Manises.<\/p>\n<p><strong>Nuevas tendencias <\/strong><\/p>\n<p>En este sentido, el director de Diario M\u00e9dico, Javier Olave, ha  abierto la jornada desgranando los cambios que ha experimentado la  comunicaci\u00f3n en materia de salud y c\u00f3mo ha evolucionado su tratamiento.  Como responsable de una publicaci\u00f3n diaria que recoge las principales  noticias y eventos del sector sanitario espa\u00f1ol, Olave cuenta con una  dilatada experiencia en este \u00e1mbito. Por su parte, Josep Antoni Solves,  Doctor en Ciencias de la Comunicaci\u00f3n, e investigador de UCH-CEU, ha  profundizado en la revoluci\u00f3n  que ha supuesto la aparici\u00f3n de nuevos  canales y nuevas v\u00edas de comunicaci\u00f3n y que han propiciado la aparici\u00f3n  del Periodismo Sanitario 2.0.<\/p>\n<p>Las nuevas tendencias hacia las que avanza la informaci\u00f3n en  materia de salud ha sido la cuesti\u00f3n b\u00e1sica que ha abordado la primera  mesa de debate. Araceli Jim\u00e9nez, responsable de comunicaci\u00f3n del  Hospital de Manises ha moderado a los periodistas Vicente Useros,  redactor de El Mundo; Jaume Prats, redactor El Pa\u00eds; y Laura Garc\u00e9s,  redactora de Las Provincias. Estos profesionales con gran experiencia en  el \u00e1rea de la informaci\u00f3n sanitaria han sido los encargados de debatir  este nuevo camino que esta adoptando la informaci\u00f3n sanitaria.<\/p>\n<p><strong> <\/strong><\/p>\n<p>En la segunda mesa redonda se ha confrontado la opini\u00f3n de  m\u00e9dicos y periodistas especializados en salud. Moderados por El\u00edas  Dur\u00e1n, Decano de Humanidades y Ciencias de la Comunicaci\u00f3n de la  Universidad UCH-CEU ha participado por un lado, Bernardo Guzm\u00e1n,  redactor jefe de la SER; Chelo Gimeno, redactora de salud en Canal 9 y  Pilar Garc\u00eda del Burgo, redactora de salud Levante EMV, quienes han  explicado su d\u00eda a d\u00eda en el tratamiento de la informaci\u00f3n sobre menores  o el respeto a la intimidad del paciente. En contraposici\u00f3n, el  Director Asistencial del Hospital de Manises, el doctor Carlos Rodrigo,  ha transmitido la realidad del colectivo m\u00e9dico en cuanto a comunicaci\u00f3n  sanitaria.<\/p>\n<p>Por \u00faltimo,  Milagros P\u00e9rez Oliva, redactora del El Pa\u00eds y ex  Defensora del Lector en este medio, ha cerrado el encuentro con una  charla acerca de la \u00e9tica y las buenas pr\u00e1cticas en el tratamiento de  informaciones de salud. P\u00e9rez, experta en deontolog\u00eda, ha trabajado en  primera persona los temas sanitarios, ya que fue la encargada de idear y  coordinar el suplemento mensual de salud de El Pa\u00eds en 1999.<\/p>\n","protected":false},"excerpt":{"rendered":"<div class=\"mh-excerpt\">Cerca de un centenar de profesionales de la informaci\u00f3n y la medicina se han dado cita este pasado viernes en el Palacio de Colomina de Valencia para abordar las nuevas tendencias de la informaci\u00f3n sanitaria <a class=\"mh-excerpt-more\" href=\"https:\/\/www.tucomarca.com\/wordpress\/segunda\/el-hospital-de-manises-celebra-la-i-jornada-de-periodismo-sanitario-en-colaboracion-con-la-uch-ceu\/\" title=\"El Hospital de Manises celebra la I Jornada de Periodismo Sanitario en colaboraci\u00f3n con la UCH-CEU\">[+] <\/a><\/div>\n","protected":false},"author":1,"featured_media":1381,"comment_status":"open","ping_status":"open","sticky":false,"template":"","format":"standard","meta":{"footnotes":""},"categories":[19,18,119,17,16,15,14,8,10,42,13,3,43,11],"tags":[136],"class_list":{"0":"post-1380","1":"post","2":"type-post","3":"status-publish","4":"format-standard","5":"has-post-thumbnail","7":"category-alborache","8":"category-bunol","9":"category-sanidad-la-comarca","10":"category-cheste","11":"category-chiva","12":"category-dos-aguas","13":"category-godelleta","14":"category-la-comarca","15":"category-la-hoya","16":"category-la-ribera","17":"category-macastre","18":"category-seccion","19":"category-turis","20":"category-yatova","21":"tag-hospital-de-manises"},"_links":{"self":[{"href":"https:\/\/www.tucomarca.com\/wordpress\/segunda\/wp-json\/wp\/v2\/posts\/1380","targetHints":{"allow":["GET"]}}],"collection":[{"href":"https:\/\/www.tucomarca.com\/wordpress\/segunda\/wp-json\/wp\/v2\/posts"}],"about":[{"href":"https:\/\/www.tucomarca.com\/wordpress\/segunda\/wp-json\/wp\/v2\/types\/post"}],"author":[{"embeddable":true,"href":"https:\/\/www.tucomarca.com\/wordpress\/segunda\/wp-json\/wp\/v2\/users\/1"}],"replies":[{"embeddable":true,"href":"https:\/\/www.tucomarca.com\/wordpress\/segunda\/wp-json\/wp\/v2\/comments?post=1380"}],"version-history":[{"count":0,"href":"https:\/\/www.tucomarca.com\/wordpress\/segunda\/wp-json\/wp\/v2\/posts\/1380\/revisions"}],"wp:featuredmedia":[{"embeddable":true,"href":"https:\/\/www.tucomarca.com\/wordpress\/segunda\/wp-json\/wp\/v2\/media\/1381"}],"wp:attachment":[{"href":"https:\/\/www.tucomarca.com\/wordpress\/segunda\/wp-json\/wp\/v2\/media?parent=1380"}],"wp:term":[{"taxonomy":"category","embeddable":true,"href":"https:\/\/www.tucomarca.com\/wordpress\/segunda\/wp-json\/wp\/v2\/categories?post=1380"},{"taxonomy":"post_tag","embeddable":true,"href":"https:\/\/www.tucomarca.com\/wordpress\/segunda\/wp-json\/wp\/v2\/tags?post=1380"}],"curies":[{"name":"wp","href":"https:\/\/api.w.org\/{rel}","templated":true}]}}