{"id":138942,"date":"2021-08-06T11:00:00","date_gmt":"2021-08-06T10:00:00","guid":{"rendered":"http:\/\/www.tucomarca.com\/wordpress\/segunda\/?p=138942"},"modified":"2021-08-06T20:24:05","modified_gmt":"2021-08-06T19:24:05","slug":"turis-tendra-su-semana-taurina-en-estas-fiestas-2021","status":"publish","type":"post","link":"https:\/\/www.tucomarca.com\/wordpress\/segunda\/turis-tendra-su-semana-taurina-en-estas-fiestas-2021\/","title":{"rendered":"Tur\u00eds tendr\u00e1 su semana taurina en estas fiestas 2021"},"content":{"rendered":"\n<p>El ayuntamiento, con la colaboraci\u00f3n de las pe\u00f1as taurinas del municipio, este a\u00f1o recupera la semana taurina para acompa\u00f1arnos en unos d\u00edas festivos que siempre se han vivido apasionadamente en nuestro pueblo.<\/p>\n\n\n\n<p>Con las mejores ganader\u00edas y con un programa festivo muy pensado para hacerlo posible con seguridad y diversi\u00f3n, del 9 al 15 de agosto habr\u00e1 siete d\u00edas para disfrutar desencajonadas, concursos y espect\u00e1culos taurinos para todas las edades y gustos.<\/p>\n\n\n\n<p>\u00abPorque en Tur\u00eds los bueyes siempre han llevado hermandad y armon\u00eda y han sido una buena excusa para verse y hacerse despu\u00e9s un buen bocadillo\u00bb, seg\u00fan han informado.<\/p>\n","protected":false},"excerpt":{"rendered":"<div class=\"mh-excerpt\">El ayuntamiento, con la colaboraci\u00f3n de las pe\u00f1as taurinas del municipio, este a\u00f1o recupera la semana taurina para acompa\u00f1arnos en unos d\u00edas festivos que siempre se han vivido apasionadamente en nuestro pueblo. Con las mejores <a class=\"mh-excerpt-more\" href=\"https:\/\/www.tucomarca.com\/wordpress\/segunda\/turis-tendra-su-semana-taurina-en-estas-fiestas-2021\/\" title=\"Tur\u00eds tendr\u00e1 su semana taurina en estas fiestas 2021\">[+] <\/a><\/div>\n","protected":false},"author":12,"featured_media":91090,"comment_status":"open","ping_status":"open","sticky":false,"template":"","format":"standard","meta":{"footnotes":""},"categories":[8,72,42,5,383,3,43],"tags":[5483,3640,10394],"class_list":{"0":"post-138942","1":"post","2":"type-post","3":"status-publish","4":"format-standard","5":"has-post-thumbnail","7":"category-la-comarca","8":"category-sin-categorizar","9":"category-la-ribera","10":"category-la-semana-en-imagenes","11":"category-pueblos-en-fiestas","12":"category-seccion","13":"category-turis","14":"tag-fiesta-taurina","15":"tag-la-ribera-alta","16":"tag-turis"},"_links":{"self":[{"href":"https:\/\/www.tucomarca.com\/wordpress\/segunda\/wp-json\/wp\/v2\/posts\/138942","targetHints":{"allow":["GET"]}}],"collection":[{"href":"https:\/\/www.tucomarca.com\/wordpress\/segunda\/wp-json\/wp\/v2\/posts"}],"about":[{"href":"https:\/\/www.tucomarca.com\/wordpress\/segunda\/wp-json\/wp\/v2\/types\/post"}],"author":[{"embeddable":true,"href":"https:\/\/www.tucomarca.com\/wordpress\/segunda\/wp-json\/wp\/v2\/users\/12"}],"replies":[{"embeddable":true,"href":"https:\/\/www.tucomarca.com\/wordpress\/segunda\/wp-json\/wp\/v2\/comments?post=138942"}],"version-history":[{"count":0,"href":"https:\/\/www.tucomarca.com\/wordpress\/segunda\/wp-json\/wp\/v2\/posts\/138942\/revisions"}],"wp:featuredmedia":[{"embeddable":true,"href":"https:\/\/www.tucomarca.com\/wordpress\/segunda\/wp-json\/wp\/v2\/media\/91090"}],"wp:attachment":[{"href":"https:\/\/www.tucomarca.com\/wordpress\/segunda\/wp-json\/wp\/v2\/media?parent=138942"}],"wp:term":[{"taxonomy":"category","embeddable":true,"href":"https:\/\/www.tucomarca.com\/wordpress\/segunda\/wp-json\/wp\/v2\/categories?post=138942"},{"taxonomy":"post_tag","embeddable":true,"href":"https:\/\/www.tucomarca.com\/wordpress\/segunda\/wp-json\/wp\/v2\/tags?post=138942"}],"curies":[{"name":"wp","href":"https:\/\/api.w.org\/{rel}","templated":true}]}}