{"id":139006,"date":"2021-08-06T10:10:00","date_gmt":"2021-08-06T09:10:00","guid":{"rendered":"http:\/\/www.tucomarca.com\/wordpress\/segunda\/?p=139006"},"modified":"2021-08-06T20:43:58","modified_gmt":"2021-08-06T19:43:58","slug":"pablo-balanza-nuevo-director-adjunto-del-circuit-ricardo-tormo","status":"publish","type":"post","link":"https:\/\/www.tucomarca.com\/wordpress\/segunda\/pablo-balanza-nuevo-director-adjunto-del-circuit-ricardo-tormo\/","title":{"rendered":"Pablo Balanz\u00e1 nuevo director adjunto del Circuit Ricardo Tormo"},"content":{"rendered":"\n<p>El Consejo de Administraci\u00f3n de Circuito del Motor y Promoci\u00f3n Deportiva S.A., sociedad gestora del Circuit Ricardo Tormo, ha nombrado a Pablo Balanz\u00e1 director adjunto de la entidad.<\/p>\n\n\n\n<p>Balanz\u00e1 es licenciado en Econom\u00eda por la Universitat de Val\u00e8ncia y ha cursado tambi\u00e9n estudios universitarios en el Reino Unido. El economista valenciano, nacido en 1978, cuenta con 15 a\u00f1os de experiencia en la gesti\u00f3n y direcci\u00f3n de varias compa\u00f1\u00edas tanto en Espa\u00f1a como en Estados Unidos a trav\u00e9s de distintas empresas consultoras.<\/p>\n\n\n\n<p>En esos a\u00f1os, Balanz\u00e1 ha dirigido m\u00e1s de 60 planes de mejora de resultados en esas empresas en las cuales consigui\u00f3 incrementos importantes en su rentabilidad, as\u00ed como la mejora y el impulso de su capacidad competitiva.<\/p>\n\n\n\n<p><strong>Funciones<\/strong><\/p>\n\n\n\n<p>Entre las funciones del nuevo director adjunto del Circuit Ricardo Tormo destaca la coordinaci\u00f3n, la planificaci\u00f3n y la ejecuci\u00f3n de los acuerdos tomados por el consejo de administraci\u00f3n de la entidad, la supervisi\u00f3n del funcionamiento del Circuit, en su sentido m\u00e1s amplio, la colaboraci\u00f3n a la hora de elaborar los presupuestos y las relaciones con el gobierno valenciano y su sector p\u00fablico, todo ello junto con el director general del Circuit Gonzalo Gobert.<\/p>\n\n\n\n<p>Asimismo, Pablo Balanz\u00e1 dirigir\u00e1 y coordinar\u00e1 el CETDM (Centro Especializado de Tecnificaci\u00f3n Deportiva del Motor), dependiente de las instalaciones de Cheste y se har\u00e1 cargo de la suscripci\u00f3n de los contratos laborales del Circuit.<\/p>\n","protected":false},"excerpt":{"rendered":"<div class=\"mh-excerpt\">El Consejo de Administraci\u00f3n de Circuito del Motor y Promoci\u00f3n Deportiva S.A., sociedad gestora del Circuit Ricardo Tormo, ha nombrado a Pablo Balanz\u00e1 director adjunto de la entidad. Balanz\u00e1 es licenciado en Econom\u00eda por la <a class=\"mh-excerpt-more\" href=\"https:\/\/www.tucomarca.com\/wordpress\/segunda\/pablo-balanza-nuevo-director-adjunto-del-circuit-ricardo-tormo\/\" title=\"Pablo Balanz\u00e1 nuevo director adjunto del Circuit Ricardo Tormo\">[+] <\/a><\/div>\n","protected":false},"author":12,"featured_media":139007,"comment_status":"open","ping_status":"open","sticky":false,"template":"","format":"standard","meta":{"footnotes":""},"categories":[83,17,6,8,72,10,91,3],"tags":[339,10477,5952],"class_list":{"0":"post-139006","1":"post","2":"type-post","3":"status-publish","4":"format-standard","5":"has-post-thumbnail","7":"category-automovilismo","8":"category-cheste","9":"category-deportes","10":"category-la-comarca","11":"category-sin-categorizar","12":"category-la-hoya","13":"category-motociclismo","14":"category-seccion","15":"tag-cheste-2","16":"tag-circuito-de-cheste","17":"tag-la-hoya-de-bunol-chiva"},"_links":{"self":[{"href":"https:\/\/www.tucomarca.com\/wordpress\/segunda\/wp-json\/wp\/v2\/posts\/139006","targetHints":{"allow":["GET"]}}],"collection":[{"href":"https:\/\/www.tucomarca.com\/wordpress\/segunda\/wp-json\/wp\/v2\/posts"}],"about":[{"href":"https:\/\/www.tucomarca.com\/wordpress\/segunda\/wp-json\/wp\/v2\/types\/post"}],"author":[{"embeddable":true,"href":"https:\/\/www.tucomarca.com\/wordpress\/segunda\/wp-json\/wp\/v2\/users\/12"}],"replies":[{"embeddable":true,"href":"https:\/\/www.tucomarca.com\/wordpress\/segunda\/wp-json\/wp\/v2\/comments?post=139006"}],"version-history":[{"count":0,"href":"https:\/\/www.tucomarca.com\/wordpress\/segunda\/wp-json\/wp\/v2\/posts\/139006\/revisions"}],"wp:featuredmedia":[{"embeddable":true,"href":"https:\/\/www.tucomarca.com\/wordpress\/segunda\/wp-json\/wp\/v2\/media\/139007"}],"wp:attachment":[{"href":"https:\/\/www.tucomarca.com\/wordpress\/segunda\/wp-json\/wp\/v2\/media?parent=139006"}],"wp:term":[{"taxonomy":"category","embeddable":true,"href":"https:\/\/www.tucomarca.com\/wordpress\/segunda\/wp-json\/wp\/v2\/categories?post=139006"},{"taxonomy":"post_tag","embeddable":true,"href":"https:\/\/www.tucomarca.com\/wordpress\/segunda\/wp-json\/wp\/v2\/tags?post=139006"}],"curies":[{"name":"wp","href":"https:\/\/api.w.org\/{rel}","templated":true}]}}