{"id":139121,"date":"2021-08-09T17:00:00","date_gmt":"2021-08-09T16:00:00","guid":{"rendered":"http:\/\/www.tucomarca.com\/wordpress\/segunda\/?p=139121"},"modified":"2021-08-09T20:55:54","modified_gmt":"2021-08-09T19:55:54","slug":"sanidad-registra-desde-el-viernes-4-139-nuevos-casos-de-coronavirus-5-fallecidos-y-5-460-altas-en-la-comunitat-valenciana","status":"publish","type":"post","link":"https:\/\/www.tucomarca.com\/wordpress\/segunda\/sanidad-registra-desde-el-viernes-4-139-nuevos-casos-de-coronavirus-5-fallecidos-y-5-460-altas-en-la-comunitat-valenciana\/","title":{"rendered":"Sanidad registra desde el viernes 4.139 nuevos casos de coronavirus, 5 fallecidos y 5.460 altas en la Comunitat Valenciana"},"content":{"rendered":"\n<h4 class=\"wp-block-heading\">Nuevos contagios registrados: 469 en Castell\u00f3n, 1.829 en Alicante y 1.841 en Valencia<\/h4>\n\n\n\n<h4 class=\"wp-block-heading\">Un total de 2.911.405 personas han recibido la pauta completa de vacunaci\u00f3n<\/h4>\n\n\n\n<p>Un total de 3.437.179 personas ha recibido ya una dosis de la vacuna contra el coronavirus en la Comunitat Valenciana. Adem\u00e1s, en estos momentos, cuentan con la pauta completa de inmunizaci\u00f3n (dos dosis para Pfizer, Moderna y AstraZeneca; la monodosis de Janssen y una dosis de cualquier vacuna en las personas con antecedentes de haber pasado la COVID) 2.911.405 personas. Por provincias: 345.977 en Castell\u00f3n, 1.043.283 en Alicante y 1.522.145 en Valencia.<\/p>\n\n\n\n<p>Por otra parte, desde el viernes pasado, la Conselleria de Sanidad Universal y Salud P\u00fablica ha notificado 4.139 casos nuevos de coronavirus confirmados por prueba PCR o a trav\u00e9s de test de ant\u00edgenos, que sit\u00faan la cifra total de positivos en 480.707 personas. Por provincias, 469 en Castell\u00f3n (49.764 en total); 1.829 en Alicante (172.698 en total) y 1.841 en Valencia (258.243 en total). El total de casos no asignados se mantiene en 2.<\/p>\n\n\n\n<p>Adem\u00e1s, y tambi\u00e9n desde la actualizaci\u00f3n del viernes, se han registrado 5.460 altas a pacientes con coronavirus. De esta forma, el n\u00famero de personas que han superado la enfermedad desde que comenz\u00f3 la pandemia en la Comunitat Valenciana asciende a 459.806 personas. Por provincias, las altas se distribuyen as\u00ed: 47.812 en Castell\u00f3n, 163.554 en Alicante y 248.382 en Valencia. El total de altas no asignadas se mantiene en 58.<\/p>\n\n\n\n<p>Los hospitales valencianos tienen, actualmente, 668 personas ingresadas, 115 de ellas en la UCI: 82 en la provincia de Castell\u00f3n, 19 en UCI; 207 en la provincia de Alicante, 28 de ellas en la UCI; y 379 en la provincia de Valencia, 68 de ellas en UCI.<\/p>\n\n\n\n<p>En los \u00faltimos siete d\u00edas, se han registrado cinco fallecimientos, por lo que el total de decesos desde el inicio de la pandemia se sit\u00faa en 7.535: 816 en la provincia de Castell\u00f3n, 2.866 en la de Alicante y 3.853 en la de Valencia.<\/p>\n\n\n\n<p>De acuerdo con los datos registrados, en estos momentos hay 24.821 casos activos, lo que supone un 5,04% del total de positivos.<\/p>\n\n\n\n<p>De los brotes registrados, cinco tienen 10 o m\u00e1s casos asociados:<\/p>\n\n\n\n<ul class=\"wp-block-list\"><li>Chera: 10 casos. Origen social<\/li><li>Ll\u00edria: 10 casos. Origen social<\/li><li>Val\u00e8ncia: 14 casos. Origen social<\/li><li>Castell\u00f3 de la Plana: 12 casos. Origen social<\/li><li>El Campello: 10 casos. Origen social<\/li><\/ul>\n","protected":false},"excerpt":{"rendered":"<div class=\"mh-excerpt\">Nuevos contagios registrados: 469 en Castell\u00f3n, 1.829 en Alicante y 1.841 en Valencia Un total de 2.911.405 personas han recibido la pauta completa de vacunaci\u00f3n Un total de 3.437.179 personas ha recibido ya una dosis <a class=\"mh-excerpt-more\" href=\"https:\/\/www.tucomarca.com\/wordpress\/segunda\/sanidad-registra-desde-el-viernes-4-139-nuevos-casos-de-coronavirus-5-fallecidos-y-5-460-altas-en-la-comunitat-valenciana\/\" title=\"Sanidad registra desde el viernes 4.139 nuevos casos de coronavirus, 5 fallecidos y 5.460 altas en la Comunitat Valenciana\">[+] <\/a><\/div>\n","protected":false},"author":12,"featured_media":116404,"comment_status":"open","ping_status":"open","sticky":false,"template":"","format":"standard","meta":{"footnotes":""},"categories":[46,119,186,12201,8,72,47,59,142,3,45],"tags":[11937,11938,13475,5952,1973],"class_list":{"0":"post-139121","1":"post","2":"type-post","3":"status-publish","4":"format-standard","5":"has-post-thumbnail","7":"category-camp-de-turia","8":"category-sanidad-la-comarca","9":"category-chera-los-serranos","10":"category-covid-19","11":"category-la-comarca","12":"category-sin-categorizar","13":"category-lliria","14":"category-los-serranos","15":"category-politica-la-comarca","16":"category-seccion","17":"category-ventana","18":"tag-coronavirus","19":"tag-covid-19","20":"tag-datos-de-contagios","21":"tag-la-hoya-de-bunol-chiva","22":"tag-vacunacion"},"_links":{"self":[{"href":"https:\/\/www.tucomarca.com\/wordpress\/segunda\/wp-json\/wp\/v2\/posts\/139121","targetHints":{"allow":["GET"]}}],"collection":[{"href":"https:\/\/www.tucomarca.com\/wordpress\/segunda\/wp-json\/wp\/v2\/posts"}],"about":[{"href":"https:\/\/www.tucomarca.com\/wordpress\/segunda\/wp-json\/wp\/v2\/types\/post"}],"author":[{"embeddable":true,"href":"https:\/\/www.tucomarca.com\/wordpress\/segunda\/wp-json\/wp\/v2\/users\/12"}],"replies":[{"embeddable":true,"href":"https:\/\/www.tucomarca.com\/wordpress\/segunda\/wp-json\/wp\/v2\/comments?post=139121"}],"version-history":[{"count":0,"href":"https:\/\/www.tucomarca.com\/wordpress\/segunda\/wp-json\/wp\/v2\/posts\/139121\/revisions"}],"wp:featuredmedia":[{"embeddable":true,"href":"https:\/\/www.tucomarca.com\/wordpress\/segunda\/wp-json\/wp\/v2\/media\/116404"}],"wp:attachment":[{"href":"https:\/\/www.tucomarca.com\/wordpress\/segunda\/wp-json\/wp\/v2\/media?parent=139121"}],"wp:term":[{"taxonomy":"category","embeddable":true,"href":"https:\/\/www.tucomarca.com\/wordpress\/segunda\/wp-json\/wp\/v2\/categories?post=139121"},{"taxonomy":"post_tag","embeddable":true,"href":"https:\/\/www.tucomarca.com\/wordpress\/segunda\/wp-json\/wp\/v2\/tags?post=139121"}],"curies":[{"name":"wp","href":"https:\/\/api.w.org\/{rel}","templated":true}]}}