{"id":139289,"date":"2021-08-07T09:09:00","date_gmt":"2021-08-07T08:09:00","guid":{"rendered":"http:\/\/www.tucomarca.com\/wordpress\/segunda\/?p=139289"},"modified":"2021-08-13T09:25:51","modified_gmt":"2021-08-13T08:25:51","slug":"el-pp-reprocha-a-psoe-y-compromis-que-voten-en-contra-de-la-vacunacion-juvenil-en-leliana","status":"publish","type":"post","link":"https:\/\/www.tucomarca.com\/wordpress\/segunda\/el-pp-reprocha-a-psoe-y-compromis-que-voten-en-contra-de-la-vacunacion-juvenil-en-leliana\/","title":{"rendered":"El PP reprocha a PSOE y Comprom\u00eds que \u00abvoten en contra de la vacunaci\u00f3n juvenil en l&#8217;Eliana\u00bb"},"content":{"rendered":"\n<p>En el \u00faltimo pleno ordinario celebrado en el municipio de L&#8217;Eliana, el Partido Popular present\u00f3 una moci\u00f3n con una serie de medidas para frenar la quinta ola de contagio que estamos sufriendo durante todo el verano, \u00absiendo la medida prioritaria que se solicite a la Conseller\u00eda de Sanitat el inicio inmediato de la vacunaci\u00f3n de j\u00f3venes y adolescentes, ya que estos est\u00e1n siendo el grupo m\u00e1s afectado en cuanto a n\u00famero de contagiados.<br>El PSOE y Comprom\u00eds se negaron a apoyar la propuesta del PP e impidieron que se solicitara la vacunaci\u00f3n juvenil.\u00a0En palabras de los populares aseguran que votan en contra tan solo porque la iniciativa no es suya, en breve nos har\u00e1n caso desde la propia Conseller\u00eda pero desde la izquierda de l&#8217;Eliana solo se oponen por ser el Partido Popular el que lo propone. El PP asegura que continuar\u00e1 aportando ideas para superar la pandemia y ayudar a los vecinos, olvid\u00e1ndose de los colores pol\u00edticos y del sectarismo de la izquierda\u00bb, seg\u00fan los populares.<\/p>\n\n\n\n<p>Si a finales del pasado mes de julio la incidencia era de 817 casos\/100.000 habitantes, a d\u00eda de hoy va en aumento, siendo l&#8217;Eliana uno de los municipios con mayor n\u00famero de contagios, con una incidencia actualizada de m\u00e1s de 900 casos\/100.000 habitantes, y es urgente que desde el Ayuntamiento y desde la Conseller\u00eda de Sanitat de la Generalitat Valenciana, se apliquen medidas y soluciones para poder abordar esta grave situaci\u00f3n.<br>Para la portavoz en el Ayuntamiento del&nbsp;Grupo Popular Mar\u00eda Jos\u00e9 Marco \u00abla vacunaci\u00f3n de los j\u00f3venes y adolescentes no puede esperar m\u00e1s, las cifras est\u00e1n ah\u00ed y hablan por s\u00ed solas, por lo que es necesario coordinar de forma inmediata su vacunaci\u00f3n, paralela al grupo de edad correspondiente ahora mismo. No podemos mirar hacia otro lado y debemos asumir responsabilidades. No puede ser que voten en contra por ser la propuesta del PP, deben pensar en la ciudadan\u00eda\u00bb.<br>En muchas otras comunidades aut\u00f3nomas ya llevan m\u00e1s de un mes con la vacunaci\u00f3n juvenil y la Comunidad Valenciana no ha estado a la altura ni preparada para afrontar esta nueva ola de contagio, seg\u00fan los populares. La expansi\u00f3n del virus se ha disparado y el Govern del Bot\u00e0nic no est\u00e1 actuando con la eficacia necesaria en estos momentos, estando por detr\u00e1s de otras comunidades aut\u00f3nomas en cuanto al plan de vacunaci\u00f3n establecido en nuestra comunidad. La falta de previsi\u00f3n nos ha llevado donde estamos ahora, asegura Mar\u00eda Jos\u00e9 Marco.<br>Tras la insistencia del Partido Popular, desde hace semanas, se iniciar\u00e1 la vacunaci\u00f3n este agosto dada la grave situaci\u00f3n pand\u00e9mica, a pesar de la negativa del gobierno de l&#8217;Eliana.<\/p>\n","protected":false},"excerpt":{"rendered":"<div class=\"mh-excerpt\">En el \u00faltimo pleno ordinario celebrado en el municipio de L&#8217;Eliana, el Partido Popular present\u00f3 una moci\u00f3n con una serie de medidas para frenar la quinta ola de contagio que estamos sufriendo durante todo el <a class=\"mh-excerpt-more\" href=\"https:\/\/www.tucomarca.com\/wordpress\/segunda\/el-pp-reprocha-a-psoe-y-compromis-que-voten-en-contra-de-la-vacunacion-juvenil-en-leliana\/\" title=\"El PP reprocha a PSOE y Comprom\u00eds que \u00abvoten en contra de la vacunaci\u00f3n juvenil en l&#8217;Eliana\u00bb\">[+] <\/a><\/div>\n","protected":false},"author":1,"featured_media":123930,"comment_status":"open","ping_status":"open","sticky":false,"template":"","format":"standard","meta":{"footnotes":""},"categories":[46,119,12201,177,8,142,3],"tags":[10395,10433,11581,15288],"class_list":{"0":"post-139289","1":"post","2":"type-post","3":"status-publish","4":"format-standard","5":"has-post-thumbnail","7":"category-camp-de-turia","8":"category-sanidad-la-comarca","9":"category-covid-19","10":"category-leliana","11":"category-la-comarca","12":"category-politica-la-comarca","13":"category-seccion","14":"tag-camp-de-turia","15":"tag-leliana","16":"tag-pp-de-leliana","17":"tag-vacunacion-juvenil"},"_links":{"self":[{"href":"https:\/\/www.tucomarca.com\/wordpress\/segunda\/wp-json\/wp\/v2\/posts\/139289","targetHints":{"allow":["GET"]}}],"collection":[{"href":"https:\/\/www.tucomarca.com\/wordpress\/segunda\/wp-json\/wp\/v2\/posts"}],"about":[{"href":"https:\/\/www.tucomarca.com\/wordpress\/segunda\/wp-json\/wp\/v2\/types\/post"}],"author":[{"embeddable":true,"href":"https:\/\/www.tucomarca.com\/wordpress\/segunda\/wp-json\/wp\/v2\/users\/1"}],"replies":[{"embeddable":true,"href":"https:\/\/www.tucomarca.com\/wordpress\/segunda\/wp-json\/wp\/v2\/comments?post=139289"}],"version-history":[{"count":0,"href":"https:\/\/www.tucomarca.com\/wordpress\/segunda\/wp-json\/wp\/v2\/posts\/139289\/revisions"}],"wp:featuredmedia":[{"embeddable":true,"href":"https:\/\/www.tucomarca.com\/wordpress\/segunda\/wp-json\/wp\/v2\/media\/123930"}],"wp:attachment":[{"href":"https:\/\/www.tucomarca.com\/wordpress\/segunda\/wp-json\/wp\/v2\/media?parent=139289"}],"wp:term":[{"taxonomy":"category","embeddable":true,"href":"https:\/\/www.tucomarca.com\/wordpress\/segunda\/wp-json\/wp\/v2\/categories?post=139289"},{"taxonomy":"post_tag","embeddable":true,"href":"https:\/\/www.tucomarca.com\/wordpress\/segunda\/wp-json\/wp\/v2\/tags?post=139289"}],"curies":[{"name":"wp","href":"https:\/\/api.w.org\/{rel}","templated":true}]}}