{"id":139373,"date":"2021-08-12T12:00:00","date_gmt":"2021-08-12T11:00:00","guid":{"rendered":"http:\/\/www.tucomarca.com\/wordpress\/segunda\/?p=139373"},"modified":"2021-08-12T20:43:54","modified_gmt":"2021-08-12T19:43:54","slug":"la-unio-estima-que-requena-utiel-producira-este-ano-unos-15-millones-de-kilos-de-almendras","status":"publish","type":"post","link":"https:\/\/www.tucomarca.com\/wordpress\/segunda\/la-unio-estima-que-requena-utiel-producira-este-ano-unos-15-millones-de-kilos-de-almendras\/","title":{"rendered":"La Uni\u00f3 estima que Requena-Utiel producir\u00e1 este a\u00f1o unos 15 millones de kilos de almendras"},"content":{"rendered":"\n<p>La comarca Requena-Utiel tendr\u00e1 una cosecha normal de almendras este a\u00f1o y se situar\u00e1 en torno a los 15 millones de kilogramos con c\u00e1scara, seg\u00fan declar\u00f3 Luis Javier Navarro, vicesecretario de la Uni\u00f3 de Llauradors.Sobre los cotizaciones dijo que \u00abson bastante ruinosas para la almendra cultivada por el m\u00e9todo tradicional y mejores para la ecol\u00f3gica\u00bb.Concret\u00f3 que \u00bb la variedad largueta se cotiza a un euro por kilogramo con c\u00e1scara y dos euros por kilo la misma variedad; pero de producci\u00f3n ecol\u00f3gica\u00bb.<\/p>\n\n\n\n<p>En la comarca se cultivan 14.000 hect\u00e1reas de almendros y la tendencia esa aumentar esta superficie en detrimento del vi\u00f1edo.<\/p>\n\n\n\n<p>La recolecci\u00f3n de las almendras se iniciar\u00e1 dentro de pocos d\u00edas con las variedades m\u00e1s tempranas. Informa, <strong>Luis Ib\u00e1\u00f1ez<\/strong>.<\/p>\n","protected":false},"excerpt":{"rendered":"<div class=\"mh-excerpt\">La comarca Requena-Utiel tendr\u00e1 una cosecha normal de almendras este a\u00f1o y se situar\u00e1 en torno a los 15 millones de kilogramos con c\u00e1scara, seg\u00fan declar\u00f3 Luis Javier Navarro, vicesecretario de la Uni\u00f3 de Llauradors.Sobre <a class=\"mh-excerpt-more\" href=\"https:\/\/www.tucomarca.com\/wordpress\/segunda\/la-unio-estima-que-requena-utiel-producira-este-ano-unos-15-millones-de-kilos-de-almendras\/\" title=\"La Uni\u00f3 estima que Requena-Utiel producir\u00e1 este a\u00f1o unos 15 millones de kilos de almendras\">[+] <\/a><\/div>\n","protected":false},"author":12,"featured_media":139374,"comment_status":"open","ping_status":"open","sticky":false,"template":"","format":"standard","meta":{"footnotes":""},"categories":[169,112,236,37,138,139,8,72,111,28,27,140,3,235,29,234,120],"tags":[85,10387],"class_list":{"0":"post-139373","1":"post","2":"type-post","3":"status-publish","4":"format-standard","5":"has-post-thumbnail","7":"category-agricultura-la-comarca","8":"category-campo-arcis","9":"category-camporrobles","10":"category-caudete","11":"category-chera","12":"category-fuenterrobles","13":"category-la-comarca","14":"category-sin-categorizar","15":"category-las-cuevas","16":"category-requena","17":"category-requena-utiel","18":"category-san-antonio","19":"category-seccion","20":"category-sinarcas","21":"category-utiel","22":"category-venta-del-moro","23":"category-villargordo-del-cabriel","24":"tag-agricultura","25":"tag-requena-utiel"},"_links":{"self":[{"href":"https:\/\/www.tucomarca.com\/wordpress\/segunda\/wp-json\/wp\/v2\/posts\/139373","targetHints":{"allow":["GET"]}}],"collection":[{"href":"https:\/\/www.tucomarca.com\/wordpress\/segunda\/wp-json\/wp\/v2\/posts"}],"about":[{"href":"https:\/\/www.tucomarca.com\/wordpress\/segunda\/wp-json\/wp\/v2\/types\/post"}],"author":[{"embeddable":true,"href":"https:\/\/www.tucomarca.com\/wordpress\/segunda\/wp-json\/wp\/v2\/users\/12"}],"replies":[{"embeddable":true,"href":"https:\/\/www.tucomarca.com\/wordpress\/segunda\/wp-json\/wp\/v2\/comments?post=139373"}],"version-history":[{"count":0,"href":"https:\/\/www.tucomarca.com\/wordpress\/segunda\/wp-json\/wp\/v2\/posts\/139373\/revisions"}],"wp:featuredmedia":[{"embeddable":true,"href":"https:\/\/www.tucomarca.com\/wordpress\/segunda\/wp-json\/wp\/v2\/media\/139374"}],"wp:attachment":[{"href":"https:\/\/www.tucomarca.com\/wordpress\/segunda\/wp-json\/wp\/v2\/media?parent=139373"}],"wp:term":[{"taxonomy":"category","embeddable":true,"href":"https:\/\/www.tucomarca.com\/wordpress\/segunda\/wp-json\/wp\/v2\/categories?post=139373"},{"taxonomy":"post_tag","embeddable":true,"href":"https:\/\/www.tucomarca.com\/wordpress\/segunda\/wp-json\/wp\/v2\/tags?post=139373"}],"curies":[{"name":"wp","href":"https:\/\/api.w.org\/{rel}","templated":true}]}}