{"id":13946,"date":"2013-05-04T11:27:24","date_gmt":"2013-05-04T10:27:24","guid":{"rendered":"http:\/\/www.tucomarca.com\/wordpress\/segunda\/?p=13946"},"modified":"2013-05-04T11:32:18","modified_gmt":"2013-05-04T10:32:18","slug":"chiva-pone-en-marcha-la-campana-de-primavera-para-incentivar-las-compras-en-el-municipio","status":"publish","type":"post","link":"https:\/\/www.tucomarca.com\/wordpress\/segunda\/chiva-pone-en-marcha-la-campana-de-primavera-para-incentivar-las-compras-en-el-municipio\/","title":{"rendered":"Chiva pone en marcha la campa\u00f1a de primavera para incentivar las compras en el municipio"},"content":{"rendered":"<figure id=\"attachment_13948\" aria-describedby=\"caption-attachment-13948\" style=\"width: 212px\" class=\"wp-caption alignleft\"><a rel=\"attachment wp-att-13948\" href=\"https:\/\/www.tucomarca.com\/wordpress\/segunda\/?attachment_id=13948\"><img loading=\"lazy\" decoding=\"async\" class=\"size-medium wp-image-13948\" title=\"cartel primavera\" src=\"https:\/\/www.tucomarca.com\/wordpress\/segunda\/wp-content\/uploads\/2013\/05\/cartel-primavera-212x300.jpg\" alt=\"\" width=\"212\" height=\"300\" srcset=\"https:\/\/www.tucomarca.com\/wordpress\/segunda\/wp-content\/uploads\/2013\/05\/cartel-primavera-212x300.jpg 212w, https:\/\/www.tucomarca.com\/wordpress\/segunda\/wp-content\/uploads\/2013\/05\/cartel-primavera-724x1024.jpg 724w, https:\/\/www.tucomarca.com\/wordpress\/segunda\/wp-content\/uploads\/2013\/05\/cartel-primavera-1024x1447.jpg 1024w, https:\/\/www.tucomarca.com\/wordpress\/segunda\/wp-content\/uploads\/2013\/05\/cartel-primavera.jpg 1181w\" sizes=\"auto, (max-width: 212px) 100vw, 212px\" \/><\/a><figcaption id=\"caption-attachment-13948\" class=\"wp-caption-text\">Cartel de la campa\u00f1a. tc.c<\/figcaption><\/figure>\n<p>El Ayuntamiento de Chiva, a trav\u00e9s de su Agencia para el Fomento de la Innovaci\u00f3n Comercial (AFIC), ha puesto en marcha una nueva campa\u00f1a de promoci\u00f3n comercial aprovechando la llegada de la primavera.<\/p>\n<p>&nbsp;<\/p>\n<p>Con esta iniciativa, el Consistorio pretende incentivar las compras en nuestro pueblo, animando a vecinos y visitantes a que opten por los comercios de Chiva a la hora de adquirir los productos que necesitan. Las personas que compren en Chiva podr\u00e1n conseguir la bolsa del comercio de Chiva.<\/p>\n<p>El procedimiento es muy sencillo. Los interesados tienen que adquirir la cartilla de la campa\u00f1a en la Agencia AFIC (Avenida Maestro Garc\u00eda Navarro, 1) o en el Punto de Atenci\u00f3n Ciudadana del Ayuntamiento.<\/p>\n<p>Posteriormente, deber\u00e1n realizar sus compras en los establecimientos de nuestra localidad y conseguir cinco cu\u00f1os, uno por cada una de las compras.<\/p>\n<p>Las compras tienen que hacerse en cinco establecimientos diferentes, cada uno de un sector: Alimentaci\u00f3n, salud y diet\u00e9tica; Droguer\u00eda, perfumer\u00eda y est\u00e9tica; Electrodom\u00e9sticos, electricidad, electr\u00f3nica, inform\u00e1tica, imagen y telefon\u00eda; Kioscos, papeler\u00edas, bazares, estancos y loter\u00edas; Hogar, decoraci\u00f3n, florister\u00edas, moda, calzado y complementos.<\/p>\n<p>Una vez completada la cartilla con los cinco cu\u00f1os, se entregar\u00e1 el obsequio en la Agencia AFIC.<\/p>\n","protected":false},"excerpt":{"rendered":"<div class=\"mh-excerpt\">El Ayuntamiento de Chiva, a trav\u00e9s de su Agencia para el Fomento de la Innovaci\u00f3n Comercial (AFIC), ha puesto en marcha una nueva campa\u00f1a de promoci\u00f3n comercial aprovechando la llegada de la primavera. &nbsp; Con <a class=\"mh-excerpt-more\" href=\"https:\/\/www.tucomarca.com\/wordpress\/segunda\/chiva-pone-en-marcha-la-campana-de-primavera-para-incentivar-las-compras-en-el-municipio\/\" title=\"Chiva pone en marcha la campa\u00f1a de primavera para incentivar las compras en el municipio\">[+] <\/a><\/div>\n","protected":false},"author":2,"featured_media":13948,"comment_status":"open","ping_status":"open","sticky":false,"template":"","format":"standard","meta":{"footnotes":""},"categories":[17,8,10,3],"tags":[10384,674,829,919],"class_list":{"0":"post-13946","1":"post","2":"type-post","3":"status-publish","4":"format-standard","5":"has-post-thumbnail","7":"category-cheste","8":"category-la-comarca","9":"category-la-hoya","10":"category-seccion","11":"tag-chiva","12":"tag-comercio","13":"tag-compras","14":"tag-primavera"},"_links":{"self":[{"href":"https:\/\/www.tucomarca.com\/wordpress\/segunda\/wp-json\/wp\/v2\/posts\/13946","targetHints":{"allow":["GET"]}}],"collection":[{"href":"https:\/\/www.tucomarca.com\/wordpress\/segunda\/wp-json\/wp\/v2\/posts"}],"about":[{"href":"https:\/\/www.tucomarca.com\/wordpress\/segunda\/wp-json\/wp\/v2\/types\/post"}],"author":[{"embeddable":true,"href":"https:\/\/www.tucomarca.com\/wordpress\/segunda\/wp-json\/wp\/v2\/users\/2"}],"replies":[{"embeddable":true,"href":"https:\/\/www.tucomarca.com\/wordpress\/segunda\/wp-json\/wp\/v2\/comments?post=13946"}],"version-history":[{"count":0,"href":"https:\/\/www.tucomarca.com\/wordpress\/segunda\/wp-json\/wp\/v2\/posts\/13946\/revisions"}],"wp:featuredmedia":[{"embeddable":true,"href":"https:\/\/www.tucomarca.com\/wordpress\/segunda\/wp-json\/wp\/v2\/media\/13948"}],"wp:attachment":[{"href":"https:\/\/www.tucomarca.com\/wordpress\/segunda\/wp-json\/wp\/v2\/media?parent=13946"}],"wp:term":[{"taxonomy":"category","embeddable":true,"href":"https:\/\/www.tucomarca.com\/wordpress\/segunda\/wp-json\/wp\/v2\/categories?post=13946"},{"taxonomy":"post_tag","embeddable":true,"href":"https:\/\/www.tucomarca.com\/wordpress\/segunda\/wp-json\/wp\/v2\/tags?post=13946"}],"curies":[{"name":"wp","href":"https:\/\/api.w.org\/{rel}","templated":true}]}}