{"id":13951,"date":"2013-05-04T11:43:38","date_gmt":"2013-05-04T10:43:38","guid":{"rendered":"http:\/\/www.tucomarca.com\/wordpress\/segunda\/?p=13951"},"modified":"2013-05-04T11:43:40","modified_gmt":"2013-05-04T10:43:40","slug":"cheste-celebra-este-domingo-su-feria-del-libro-suspendida-por-la-lluvia","status":"publish","type":"post","link":"https:\/\/www.tucomarca.com\/wordpress\/segunda\/cheste-celebra-este-domingo-su-feria-del-libro-suspendida-por-la-lluvia\/","title":{"rendered":"Cheste celebra este domingo su feria del libro suspendida por la lluvia"},"content":{"rendered":"<figure id=\"attachment_13952\" aria-describedby=\"caption-attachment-13952\" style=\"width: 212px\" class=\"wp-caption alignleft\"><a rel=\"attachment wp-att-13952\" href=\"https:\/\/www.tucomarca.com\/wordpress\/segunda\/?attachment_id=13952\"><img loading=\"lazy\" decoding=\"async\" class=\"size-medium wp-image-13952\" title=\"Feria libro\" src=\"https:\/\/www.tucomarca.com\/wordpress\/segunda\/wp-content\/uploads\/2013\/05\/Feria-libro-212x300.jpg\" alt=\"\" width=\"212\" height=\"300\" srcset=\"https:\/\/www.tucomarca.com\/wordpress\/segunda\/wp-content\/uploads\/2013\/05\/Feria-libro-212x300.jpg 212w, https:\/\/www.tucomarca.com\/wordpress\/segunda\/wp-content\/uploads\/2013\/05\/Feria-libro-724x1024.jpg 724w, https:\/\/www.tucomarca.com\/wordpress\/segunda\/wp-content\/uploads\/2013\/05\/Feria-libro-1024x1447.jpg 1024w, https:\/\/www.tucomarca.com\/wordpress\/segunda\/wp-content\/uploads\/2013\/05\/Feria-libro.jpg 1754w\" sizes=\"auto, (max-width: 212px) 100vw, 212px\" \/><\/a><figcaption id=\"caption-attachment-13952\" class=\"wp-caption-text\">Anuncio de la Feria. tc.c<\/figcaption><\/figure>\n<p>El Ayuntamiento de Cheste ha organizado multitud de eventos para conmemorar el D\u00eda Mundial del Libro. Entre ellos esta Feria que tendr\u00e1 lugar en la plaza del Mercado y que fue suspendida el domingo pasado por la lluvia.<\/p>\n<p>&nbsp;<\/p>\n<p>En esta Feria los vecinos podr\u00e1n ver, informarse y adquirir las \u00faltimas novedades y Best Sellers, nacionales e internacionales, adem\u00e1s de los m\u00e1s vendidos a lo largo de estos a\u00f1os.<\/p>\n<p>La Feria llega cargada de novedades y sorpresas, pues como ha informado la Concejal de Cultura \u201chabr\u00e1 regalos y sorteos de libros por la compra de los ejemplares expuestos, toda una oportunidad de optar a m\u00e1s de un ejemplar a precios excepcionales para aquellos lectores m\u00e1s \u00e1vidos\u201d.<\/p>\n<p>Esta Feria es la actividad que culmina con todos los eventos realizados en la localidad para conmemorar el D\u00eda Mundial del Libro, entre ellos presentaci\u00f3n del libro Poker de Reinas, o actividades con los Colegios en los que han le\u00eddo poes\u00eda y se han adentrado en conocer la vida y obra del poeta valenciano Francisco Brines.<\/p>\n","protected":false},"excerpt":{"rendered":"<div class=\"mh-excerpt\">El Ayuntamiento de Cheste ha organizado multitud de eventos para conmemorar el D\u00eda Mundial del Libro. Entre ellos esta Feria que tendr\u00e1 lugar en la plaza del Mercado y que fue suspendida el domingo pasado <a class=\"mh-excerpt-more\" href=\"https:\/\/www.tucomarca.com\/wordpress\/segunda\/cheste-celebra-este-domingo-su-feria-del-libro-suspendida-por-la-lluvia\/\" title=\"Cheste celebra este domingo su feria del libro suspendida por la lluvia\">[+] <\/a><\/div>\n","protected":false},"author":2,"featured_media":13952,"comment_status":"open","ping_status":"open","sticky":false,"template":"","format":"standard","meta":{"footnotes":""},"categories":[4,17,10,3],"tags":[339,100,269,730],"class_list":{"0":"post-13951","1":"post","2":"type-post","3":"status-publish","4":"format-standard","5":"has-post-thumbnail","7":"category-agenda","8":"category-cheste","9":"category-la-hoya","10":"category-seccion","11":"tag-cheste-2","12":"tag-feria","13":"tag-libro","14":"tag-lluvia"},"_links":{"self":[{"href":"https:\/\/www.tucomarca.com\/wordpress\/segunda\/wp-json\/wp\/v2\/posts\/13951","targetHints":{"allow":["GET"]}}],"collection":[{"href":"https:\/\/www.tucomarca.com\/wordpress\/segunda\/wp-json\/wp\/v2\/posts"}],"about":[{"href":"https:\/\/www.tucomarca.com\/wordpress\/segunda\/wp-json\/wp\/v2\/types\/post"}],"author":[{"embeddable":true,"href":"https:\/\/www.tucomarca.com\/wordpress\/segunda\/wp-json\/wp\/v2\/users\/2"}],"replies":[{"embeddable":true,"href":"https:\/\/www.tucomarca.com\/wordpress\/segunda\/wp-json\/wp\/v2\/comments?post=13951"}],"version-history":[{"count":0,"href":"https:\/\/www.tucomarca.com\/wordpress\/segunda\/wp-json\/wp\/v2\/posts\/13951\/revisions"}],"wp:featuredmedia":[{"embeddable":true,"href":"https:\/\/www.tucomarca.com\/wordpress\/segunda\/wp-json\/wp\/v2\/media\/13952"}],"wp:attachment":[{"href":"https:\/\/www.tucomarca.com\/wordpress\/segunda\/wp-json\/wp\/v2\/media?parent=13951"}],"wp:term":[{"taxonomy":"category","embeddable":true,"href":"https:\/\/www.tucomarca.com\/wordpress\/segunda\/wp-json\/wp\/v2\/categories?post=13951"},{"taxonomy":"post_tag","embeddable":true,"href":"https:\/\/www.tucomarca.com\/wordpress\/segunda\/wp-json\/wp\/v2\/tags?post=13951"}],"curies":[{"name":"wp","href":"https:\/\/api.w.org\/{rel}","templated":true}]}}