{"id":139510,"date":"2021-08-16T18:05:00","date_gmt":"2021-08-16T17:05:00","guid":{"rendered":"http:\/\/www.tucomarca.com\/wordpress\/segunda\/?p=139510"},"modified":"2021-08-17T00:08:21","modified_gmt":"2021-08-16T23:08:21","slug":"sanidad-registra-2-879-nuevos-casos-de-coronavirus-9-fallecimientos-y-4-548-altas-en-la-comunitat-valenciana","status":"publish","type":"post","link":"https:\/\/www.tucomarca.com\/wordpress\/segunda\/sanidad-registra-2-879-nuevos-casos-de-coronavirus-9-fallecimientos-y-4-548-altas-en-la-comunitat-valenciana\/","title":{"rendered":"Sanidad registra 2.879 nuevos casos de coronavirus, 9 fallecimientos y 4.548 altas en la Comunitat Valenciana"},"content":{"rendered":"\n<h4 class=\"wp-block-heading\">Se han contabilizado 307 nuevos positivos en Castell\u00f3n, 1.374 en Alicante y 1.198 en Valencia<\/h4>\n\n\n\n<h4 class=\"wp-block-heading\">Un total de 3.061.089 personas ya ha recibido la pauta completa<\/h4>\n\n\n\n<p>Un total de 3.675.196 han recibido ya una dosis de la vacuna contra el coronavirus en la Comunitat Valenciana. Adem\u00e1s, en estos momentos, cuentan con la pauta completa de inmunizaci\u00f3n (dos dosis para Pfizer, Moderna y AstraZeneca; la monodosis de Janssen y una dosis de cualquier vacuna en las personas con antecedentes de haber pasado la COVID) 3.061.089 personas. Por provincias, la distribuci\u00f3n es la siguiente: 361.703 en Castell\u00f3n, 1.093.326 en Alicante y 1.606.060 en Valencia.<\/p>\n\n\n\n<p>Por otra parte, desde la \u00faltima actualizaci\u00f3n realizada el viernes pasado, la Conselleria de Sanidad Universal y Salud P\u00fablica ha notificado 2.879 casos nuevos de coronavirus confirmados por prueba PCR o a trav\u00e9s de test de ant\u00edgenos, que sit\u00faan la cifra total de positivos en 489.213 personas. Por provincias, se reparten del siguiente modo: 307 en Castell\u00f3n (50.627 en total); 1.374 en Alicante (176.684 en total) y 1.198 en Valencia (261.898 en total). El total de casos no asignados se mantiene en 4.<\/p>\n\n\n\n<p>Adem\u00e1s, se han registrado 4.548 altas a pacientes con coronavirus. De esta forma, el n\u00famero de personas que han superado la enfermedad desde que comenz\u00f3 la pandemia en la Comunitat Valenciana asciende a 475.069 personas. Por provincias, las altas se distribuyen as\u00ed: 49.369 en Castell\u00f3n, 169.526 en Alicante y 256.116 en Valencia. El total de altas no asignadas se mantiene en 58.<\/p>\n\n\n\n<p>Los hospitales valencianos tienen, actualmente, 576 personas ingresadas, 91 de ellas en la UCI: 78 en la provincia de Castell\u00f3n, 12 en UCI; 212 en la provincia de Alicante, 33 de ellas en la UCI; y 286 en la provincia de Valencia, 46 de ellas en UCI.<\/p>\n\n\n\n<p>Adem\u00e1s, se han registrado 9 fallecimientos (todos ellos en los \u00faltimos 7 d\u00edas), por lo que el total de decesos desde el inicio de la pandemia se sit\u00faa en 7.575: 818 en la provincia de Castell\u00f3n, 2.882 en la de Alicante y 3.875 en la de Valencia.<\/p>\n\n\n\n<p>De acuerdo con los datos registrados, en estos momentos hay 18.024 casos activos, lo que supone un 3,60 % del total de positivos.<\/p>\n\n\n\n<p>De los brotes registrados, uno tiene 10 o m\u00e1s casos asociados y es de origen social:<\/p>\n\n\n\n<ul class=\"wp-block-list\"><li>Villena: 10 casos. Origen social<\/li><\/ul>\n","protected":false},"excerpt":{"rendered":"<div class=\"mh-excerpt\">Se han contabilizado 307 nuevos positivos en Castell\u00f3n, 1.374 en Alicante y 1.198 en Valencia Un total de 3.061.089 personas ya ha recibido la pauta completa Un total de 3.675.196 han recibido ya una dosis <a class=\"mh-excerpt-more\" href=\"https:\/\/www.tucomarca.com\/wordpress\/segunda\/sanidad-registra-2-879-nuevos-casos-de-coronavirus-9-fallecimientos-y-4-548-altas-en-la-comunitat-valenciana\/\" title=\"Sanidad registra 2.879 nuevos casos de coronavirus, 9 fallecimientos y 4.548 altas en la Comunitat Valenciana\">[+] <\/a><\/div>\n","protected":false},"author":12,"featured_media":139512,"comment_status":"open","ping_status":"open","sticky":false,"template":"","format":"standard","meta":{"footnotes":""},"categories":[119,12201,128,8,72,142,3,116,45],"tags":[10635,11937,11938,13475,1973],"class_list":{"0":"post-139510","1":"post","2":"type-post","3":"status-publish","4":"format-standard","5":"has-post-thumbnail","7":"category-sanidad-la-comarca","8":"category-covid-19","9":"category-infraestructuras","10":"category-la-comarca","11":"category-sin-categorizar","12":"category-politica-la-comarca","13":"category-seccion","14":"category-sucesos-la-comarca","15":"category-ventana","16":"tag-conselleria-de-sanitat","17":"tag-coronavirus","18":"tag-covid-19","19":"tag-datos-de-contagios","20":"tag-vacunacion"},"_links":{"self":[{"href":"https:\/\/www.tucomarca.com\/wordpress\/segunda\/wp-json\/wp\/v2\/posts\/139510","targetHints":{"allow":["GET"]}}],"collection":[{"href":"https:\/\/www.tucomarca.com\/wordpress\/segunda\/wp-json\/wp\/v2\/posts"}],"about":[{"href":"https:\/\/www.tucomarca.com\/wordpress\/segunda\/wp-json\/wp\/v2\/types\/post"}],"author":[{"embeddable":true,"href":"https:\/\/www.tucomarca.com\/wordpress\/segunda\/wp-json\/wp\/v2\/users\/12"}],"replies":[{"embeddable":true,"href":"https:\/\/www.tucomarca.com\/wordpress\/segunda\/wp-json\/wp\/v2\/comments?post=139510"}],"version-history":[{"count":0,"href":"https:\/\/www.tucomarca.com\/wordpress\/segunda\/wp-json\/wp\/v2\/posts\/139510\/revisions"}],"wp:featuredmedia":[{"embeddable":true,"href":"https:\/\/www.tucomarca.com\/wordpress\/segunda\/wp-json\/wp\/v2\/media\/139512"}],"wp:attachment":[{"href":"https:\/\/www.tucomarca.com\/wordpress\/segunda\/wp-json\/wp\/v2\/media?parent=139510"}],"wp:term":[{"taxonomy":"category","embeddable":true,"href":"https:\/\/www.tucomarca.com\/wordpress\/segunda\/wp-json\/wp\/v2\/categories?post=139510"},{"taxonomy":"post_tag","embeddable":true,"href":"https:\/\/www.tucomarca.com\/wordpress\/segunda\/wp-json\/wp\/v2\/tags?post=139510"}],"curies":[{"name":"wp","href":"https:\/\/api.w.org\/{rel}","templated":true}]}}