{"id":139523,"date":"2021-08-16T20:00:00","date_gmt":"2021-08-16T19:00:00","guid":{"rendered":"http:\/\/www.tucomarca.com\/wordpress\/segunda\/?p=139523"},"modified":"2021-08-17T00:23:23","modified_gmt":"2021-08-16T23:23:23","slug":"la-falla-reyes-catolicos-de-bunol-no-celebrara-las-fallas-en-septiembre-por-la-complicada-situacion-sanitaria-en-la-comunitat","status":"publish","type":"post","link":"https:\/\/www.tucomarca.com\/wordpress\/segunda\/la-falla-reyes-catolicos-de-bunol-no-celebrara-las-fallas-en-septiembre-por-la-complicada-situacion-sanitaria-en-la-comunitat\/","title":{"rendered":"La Falla Reyes Cat\u00f3licos de Bu\u00f1ol no celebrar\u00e1 las Fallas en septiembre por la complicada situaci\u00f3n sanitaria en la Comunitat"},"content":{"rendered":"\n<p>La Falla Reyes Cat\u00f3licos y Adyacentes de Bu\u00f1ol, \u00fanica comisi\u00f3n en programar la fiesta para el mes de septiembre, ha dado un giro a su decisi\u00f3n de plantar su monumento debido a la complicada situaci\u00f3n sanitaria y la prolongaci\u00f3n de las restricciones hasta el 6 de septiembre propuestas por el Gobierno valenciano. <\/p>\n\n\n\n<p>Con el siguiente comunicado ha informado a sus falleras y falleros: \u00abTras la reuni\u00f3n realizada por la comisi\u00f3n de la falla este 13 de agosto se ha decidido suspender las fallas programadas para este mes de septiembre, debido a que la situaci\u00f3n sanitaria sigue siendo complicada y se han prolongado las restricciones hasta el d\u00eda 6 de septiembre.<br>\u00a1Os esperamos a todos en las fallas del 2022 y ojal\u00e1 podamos disfrutarlas como nos merecemos!\u00bb, han finalizado.<\/p>\n","protected":false},"excerpt":{"rendered":"<div class=\"mh-excerpt\">La Falla Reyes Cat\u00f3licos y Adyacentes de Bu\u00f1ol, \u00fanica comisi\u00f3n en programar la fiesta para el mes de septiembre, ha dado un giro a su decisi\u00f3n de plantar su monumento debido a la complicada situaci\u00f3n <a class=\"mh-excerpt-more\" href=\"https:\/\/www.tucomarca.com\/wordpress\/segunda\/la-falla-reyes-catolicos-de-bunol-no-celebrara-las-fallas-en-septiembre-por-la-complicada-situacion-sanitaria-en-la-comunitat\/\" title=\"La Falla Reyes Cat\u00f3licos de Bu\u00f1ol no celebrar\u00e1 las Fallas en septiembre por la complicada situaci\u00f3n sanitaria en la Comunitat\">[+] <\/a><\/div>\n","protected":false},"author":12,"featured_media":129032,"comment_status":"open","ping_status":"open","sticky":false,"template":"","format":"standard","meta":{"footnotes":""},"categories":[18,119,12201,128,8,10,7,383,3],"tags":[10385,11938,10738,12144,5952],"class_list":{"0":"post-139523","1":"post","2":"type-post","3":"status-publish","4":"format-standard","5":"has-post-thumbnail","7":"category-bunol","8":"category-sanidad-la-comarca","9":"category-covid-19","10":"category-infraestructuras","11":"category-la-comarca","12":"category-la-hoya","13":"category-ocio-y-cultura","14":"category-pueblos-en-fiestas","15":"category-seccion","16":"tag-bunol","17":"tag-covid-19","18":"tag-falla-reyes-catolicos-y-adyacentes","19":"tag-fallas-2021","20":"tag-la-hoya-de-bunol-chiva"},"_links":{"self":[{"href":"https:\/\/www.tucomarca.com\/wordpress\/segunda\/wp-json\/wp\/v2\/posts\/139523","targetHints":{"allow":["GET"]}}],"collection":[{"href":"https:\/\/www.tucomarca.com\/wordpress\/segunda\/wp-json\/wp\/v2\/posts"}],"about":[{"href":"https:\/\/www.tucomarca.com\/wordpress\/segunda\/wp-json\/wp\/v2\/types\/post"}],"author":[{"embeddable":true,"href":"https:\/\/www.tucomarca.com\/wordpress\/segunda\/wp-json\/wp\/v2\/users\/12"}],"replies":[{"embeddable":true,"href":"https:\/\/www.tucomarca.com\/wordpress\/segunda\/wp-json\/wp\/v2\/comments?post=139523"}],"version-history":[{"count":0,"href":"https:\/\/www.tucomarca.com\/wordpress\/segunda\/wp-json\/wp\/v2\/posts\/139523\/revisions"}],"wp:featuredmedia":[{"embeddable":true,"href":"https:\/\/www.tucomarca.com\/wordpress\/segunda\/wp-json\/wp\/v2\/media\/129032"}],"wp:attachment":[{"href":"https:\/\/www.tucomarca.com\/wordpress\/segunda\/wp-json\/wp\/v2\/media?parent=139523"}],"wp:term":[{"taxonomy":"category","embeddable":true,"href":"https:\/\/www.tucomarca.com\/wordpress\/segunda\/wp-json\/wp\/v2\/categories?post=139523"},{"taxonomy":"post_tag","embeddable":true,"href":"https:\/\/www.tucomarca.com\/wordpress\/segunda\/wp-json\/wp\/v2\/tags?post=139523"}],"curies":[{"name":"wp","href":"https:\/\/api.w.org\/{rel}","templated":true}]}}