{"id":139602,"date":"2021-08-18T17:55:00","date_gmt":"2021-08-18T16:55:00","guid":{"rendered":"http:\/\/www.tucomarca.com\/wordpress\/segunda\/?p=139602"},"modified":"2021-08-18T21:50:05","modified_gmt":"2021-08-18T20:50:05","slug":"la-vuelta-atraviesa-este-jueves-yatova-macastre-alborache-y-turis-en-la-etapa-6-que-parte-de-requena","status":"publish","type":"post","link":"https:\/\/www.tucomarca.com\/wordpress\/segunda\/la-vuelta-atraviesa-este-jueves-yatova-macastre-alborache-y-turis-en-la-etapa-6-que-parte-de-requena\/","title":{"rendered":"La Vuelta atraviesa este jueves Y\u00e1tova, Macastre Alborache y Tur\u00eds en la etapa 6 que parte de Requena"},"content":{"rendered":"\n<p><strong>La Unidad de Movilidad y Seguridad Vial de la Guardia Civil en la Vuelta ciclista a Espa\u00f1a 2021 recorre las carreteras de la provincia de Valencia<\/strong><\/p>\n\n\n\n<p>La etapa 6 de la Vuelta Ciclista a Espa\u00f1a, parte este jueves 19 de agosto de Requena y tras pasar por Y\u00e1tova, Macastre, Alborache y Tur\u00eds se ir\u00e1 acercando al litoral. Adem\u00e1s de estas poblaciones de La Hoya y La Ribera Alta, recorre municipios de l&#8217;Horta y La Ribera Baixa (Albal, Catarroja, Massanassa, Alfafar) y s\u00f3lo pasar\u00e1 por las afueras de la capital.<\/p>\n\n\n\n<p><strong>Participaci\u00f3n de la Guardia Civil de Valencia<\/strong><\/p>\n\n\n\n<p>La Unidad de Movilidad y Seguridad Vial (UMSV) de la Guardia Civil para la 76\u00aa edici\u00f3n de la Vuelta ciclista a Espa\u00f1a, recorrer\u00e1 durante la 6\u00aa y 7\u00aa etapa de dicho evento deportivo las carreteras valencianas. <\/p>\n\n\n\n<p>Compuesta por una totalidad de 130 componentes de diferentes especialidades, la UMSV dar\u00e1 protecci\u00f3n y cobertura a la seguridad de todas las etapas.<\/p>\n\n\n\n<p>Por segundo a\u00f1o consecutivo, el Jefe de la Unidad es el Comandante Jairo Torres, del Sector de Tr\u00e1fico de Valencia, al que acompa\u00f1an otros guardias civiles procedentes de la capital del Turia, 3 de ellos en motocicleta y otros como parte del equipo log\u00edstico-operativo.<\/p>\n","protected":false},"excerpt":{"rendered":"<div class=\"mh-excerpt\">La Unidad de Movilidad y Seguridad Vial de la Guardia Civil en la Vuelta ciclista a Espa\u00f1a 2021 recorre las carreteras de la provincia de Valencia La etapa 6 de la Vuelta Ciclista a Espa\u00f1a, <a class=\"mh-excerpt-more\" href=\"https:\/\/www.tucomarca.com\/wordpress\/segunda\/la-vuelta-atraviesa-este-jueves-yatova-macastre-alborache-y-turis-en-la-etapa-6-que-parte-de-requena\/\" title=\"La Vuelta atraviesa este jueves Y\u00e1tova, Macastre Alborache y Tur\u00eds en la etapa 6 que parte de Requena\">[+] <\/a><\/div>\n","protected":false},"author":12,"featured_media":139606,"comment_status":"open","ping_status":"open","sticky":false,"template":"","format":"standard","meta":{"footnotes":""},"categories":[19,173,6,8,10,42,13,28,27,3,43,45,11],"tags":[402,10591,10382,10388,1407,10394,1987,10380],"class_list":{"0":"post-139602","1":"post","2":"type-post","3":"status-publish","4":"format-standard","5":"has-post-thumbnail","7":"category-alborache","8":"category-ciclismo","9":"category-deportes","10":"category-la-comarca","11":"category-la-hoya","12":"category-la-ribera","13":"category-macastre","14":"category-requena","15":"category-requena-utiel","16":"category-seccion","17":"category-turis","18":"category-ventana","19":"category-yatova","20":"tag-ciclismo-2","21":"tag-la-vuelta","22":"tag-macastre","23":"tag-requena","24":"tag-ribera-alta","25":"tag-turis","26":"tag-utiel-requena","27":"tag-yatova"},"_links":{"self":[{"href":"https:\/\/www.tucomarca.com\/wordpress\/segunda\/wp-json\/wp\/v2\/posts\/139602","targetHints":{"allow":["GET"]}}],"collection":[{"href":"https:\/\/www.tucomarca.com\/wordpress\/segunda\/wp-json\/wp\/v2\/posts"}],"about":[{"href":"https:\/\/www.tucomarca.com\/wordpress\/segunda\/wp-json\/wp\/v2\/types\/post"}],"author":[{"embeddable":true,"href":"https:\/\/www.tucomarca.com\/wordpress\/segunda\/wp-json\/wp\/v2\/users\/12"}],"replies":[{"embeddable":true,"href":"https:\/\/www.tucomarca.com\/wordpress\/segunda\/wp-json\/wp\/v2\/comments?post=139602"}],"version-history":[{"count":0,"href":"https:\/\/www.tucomarca.com\/wordpress\/segunda\/wp-json\/wp\/v2\/posts\/139602\/revisions"}],"wp:featuredmedia":[{"embeddable":true,"href":"https:\/\/www.tucomarca.com\/wordpress\/segunda\/wp-json\/wp\/v2\/media\/139606"}],"wp:attachment":[{"href":"https:\/\/www.tucomarca.com\/wordpress\/segunda\/wp-json\/wp\/v2\/media?parent=139602"}],"wp:term":[{"taxonomy":"category","embeddable":true,"href":"https:\/\/www.tucomarca.com\/wordpress\/segunda\/wp-json\/wp\/v2\/categories?post=139602"},{"taxonomy":"post_tag","embeddable":true,"href":"https:\/\/www.tucomarca.com\/wordpress\/segunda\/wp-json\/wp\/v2\/tags?post=139602"}],"curies":[{"name":"wp","href":"https:\/\/api.w.org\/{rel}","templated":true}]}}